{"id":8721,"date":"2023-05-31T08:40:38","date_gmt":"2023-05-31T11:40:38","guid":{"rendered":"http:\/\/blogdodanielgalvao.com.br\/site\/?p=8721"},"modified":"2023-05-31T08:40:38","modified_gmt":"2023-05-31T11:40:38","slug":"governo-e-petrobras-reforcam-parceria-que-viabiliza-novas-operacoes-do-gas","status":"publish","type":"post","link":"https:\/\/blogdodanielgalvao.com.br\/site\/governo-e-petrobras-reforcam-parceria-que-viabiliza-novas-operacoes-do-gas\/","title":{"rendered":"Governo e Petrobras refor\u00e7am parceria que viabiliza novas opera\u00e7\u00f5es do g\u00e1s"},"content":{"rendered":"<div>A coopera\u00e7\u00e3o t\u00e9cnica e de apoio aos processos de licenciamento das opera\u00e7\u00f5es de explora\u00e7\u00e3o e produ\u00e7\u00e3o de \u00e1reas da Bacia de Campos foi garantida pelo governo municipal \u00e0 Petrobras, diante de um novo passo significativo na confirma\u00e7\u00e3o de Maca\u00e9 como o principal polo de transforma\u00e7\u00e3o do g\u00e1s natural em energia no pa\u00eds, a partir da consolida\u00e7\u00e3o de investimentos que somam cerca de US$ 27 bilh\u00f5es ao longo dos pr\u00f3ximos cinco anos.<\/div>\n<div>Em reuni\u00e3o realizada nesta ter\u00e7a-feira (30), o prefeito Welberth Rezende recebeu comitiva de gerentes da Petrobras e refor\u00e7ou a prioridade do governo em colaborar na defini\u00e7\u00e3o dos programas de atendimento a condicionantes de refer\u00eancia a renova\u00e7\u00e3o do licenciamento de opera\u00e7\u00e3o da Rota 2, gasoduto que interliga reservas do pr\u00e9-sal da Bacia de Santos ao Terminal Cabi\u00fanas, e de implanta\u00e7\u00e3o do novo gasoduto conhecido como &#8220;Rota 5&#8221;, que faz parte do desenvolvimento de produ\u00e7\u00e3o do bloco BM-C-33, o &#8220;supercampo&#8221; compartilhado com a Equinor e a Repsol. Os dois projetos prev\u00eaem tra\u00e7ado territorial na regi\u00e3o do Lagomar.<\/div>\n<p>&nbsp;<\/p>\n<blockquote>\n<div>&#8220;Planejar a expans\u00e3o e urbaniza\u00e7\u00e3o da cidade, em especial o Lagomar, \u00e9 a miss\u00e3o do governo que j\u00e1 se prepara para um novo ciclo de crescimento a partir dos investimentos do mercado do petr\u00f3leo. E identificamos na Petrobras uma parceria importante para discutir solu\u00e7\u00f5es que projetam esse novo ritmo de desenvolvimento local&#8221;, destacou o prefeito.<\/div>\n<\/blockquote>\n<p>&nbsp;<\/p>\n<div>Welberth recebeu os gerentes executivos de G\u00e1s e Energia, \u00c1lvaro Ferreira Tupiassu; de Servi\u00e7os Compartilhados, Viviane de Salles Cardin Recchia; e de licenciamento E&amp;P e Fun\u00e7\u00f5es Corporativas, Gustavo Limp Nascimento; junto ao gerente setorial de integra\u00e7\u00e3o de Processamento, Medi\u00e7\u00e3o de Rotas de Escoamento, Juan Manoel Rey; e o coordenador de relacionamento com o poder p\u00fablico Estadual e Municipal, Eduardo Santos.<\/p>\n<p>A coopera\u00e7\u00e3o com o governo municipal tamb\u00e9m contribui com a estrat\u00e9gia da Petrobras em viabilizar projetos de in\u00edcio de opera\u00e7\u00e3o de novas unidades de explora\u00e7\u00e3o e produ\u00e7\u00e3o no pr\u00e9-sal da Bacia de Campos.<\/p><\/div>\n<p>&nbsp;<\/p>\n<blockquote>\n<div>&#8220;Avan\u00e7amos muito em quest\u00f5es hist\u00f3ricas na rela\u00e7\u00e3o entre a prefeitura e a nossa companhia, o que contribui de forma direta com nossas opera\u00e7\u00f5es. Tem sido uma parceria muito boa para a cidade&#8221;, destacou Eduardo Santos.<\/div>\n<\/blockquote>\n<p>&nbsp;<\/p>\n<div>A reuni\u00e3o contou com a participa\u00e7\u00e3o dos Secret\u00e1rios de Desenvolvimento Econ\u00f4mico, Rodrigo Vianna; Habita\u00e7\u00e3o, Ana L\u00facia Ribeiro; Obras, Felipe Bastos; Ambiente, Isaura Sales; do Procurador Geral do Munic\u00edpio, Fabiano Paschoal; e do Procurador Chefe de Gabinete do Prefeito, Rodrigo Cavour.<\/div>\n","protected":false},"excerpt":{"rendered":"<p>A coopera\u00e7\u00e3o t\u00e9cnica e de apoio aos processos de licenciamento das opera\u00e7\u00f5es de explora\u00e7\u00e3o e produ\u00e7\u00e3o de \u00e1reas da Bacia de Campos foi garantida pelo governo municipal \u00e0 Petrobras, diante de um novo passo significativo na confirma\u00e7\u00e3o de Maca\u00e9 como o principal polo de transforma\u00e7\u00e3o do g\u00e1s natural em energia no pa\u00eds, a partir da [&hellip;]<\/p>\n","protected":false},"author":2,"featured_media":8722,"comment_status":"open","ping_status":"open","sticky":false,"template":"","format":"standard","meta":{"footnotes":""},"categories":[2],"tags":[],"class_list":["post-8721","post","type-post","status-publish","format-standard","has-post-thumbnail","hentry","category-macae"],"_links":{"self":[{"href":"https:\/\/blogdodanielgalvao.com.br\/site\/wp-json\/wp\/v2\/posts\/8721","targetHints":{"allow":["GET"]}}],"collection":[{"href":"https:\/\/blogdodanielgalvao.com.br\/site\/wp-json\/wp\/v2\/posts"}],"about":[{"href":"https:\/\/blogdodanielgalvao.com.br\/site\/wp-json\/wp\/v2\/types\/post"}],"author":[{"embeddable":true,"href":"https:\/\/blogdodanielgalvao.com.br\/site\/wp-json\/wp\/v2\/users\/2"}],"replies":[{"embeddable":true,"href":"https:\/\/blogdodanielgalvao.com.br\/site\/wp-json\/wp\/v2\/comments?post=8721"}],"version-history":[{"count":1,"href":"https:\/\/blogdodanielgalvao.com.br\/site\/wp-json\/wp\/v2\/posts\/8721\/revisions"}],"predecessor-version":[{"id":8723,"href":"https:\/\/blogdodanielgalvao.com.br\/site\/wp-json\/wp\/v2\/posts\/8721\/revisions\/8723"}],"wp:featuredmedia":[{"embeddable":true,"href":"https:\/\/blogdodanielgalvao.com.br\/site\/wp-json\/wp\/v2\/media\/8722"}],"wp:attachment":[{"href":"https:\/\/blogdodanielgalvao.com.br\/site\/wp-json\/wp\/v2\/media?parent=8721"}],"wp:term":[{"taxonomy":"category","embeddable":true,"href":"https:\/\/blogdodanielgalvao.com.br\/site\/wp-json\/wp\/v2\/categories?post=8721"},{"taxonomy":"post_tag","embeddable":true,"href":"https:\/\/blogdodanielgalvao.com.br\/site\/wp-json\/wp\/v2\/tags?post=8721"}],"curies":[{"name":"wp","href":"https:\/\/api.w.org\/{rel}","templated":true}]}}