{"id":8705,"date":"2023-05-29T15:22:50","date_gmt":"2023-05-29T18:22:50","guid":{"rendered":"http:\/\/blogdodanielgalvao.com.br\/site\/?p=8705"},"modified":"2023-05-29T15:22:51","modified_gmt":"2023-05-29T18:22:51","slug":"firjan-debate-novas-tecnologias-e-os-desafios-do-futuro-do-trabalho","status":"publish","type":"post","link":"https:\/\/blogdodanielgalvao.com.br\/site\/firjan-debate-novas-tecnologias-e-os-desafios-do-futuro-do-trabalho\/","title":{"rendered":"Firjan debate novas tecnologias e os desafios do futuro do trabalho"},"content":{"rendered":"<p>Com a participa\u00e7\u00e3o do ministro do Trabalho e Emprego, Luiz Marinho, a Federa\u00e7\u00e3o das Ind\u00fastrias do Estado do Rio de Janeiro (Firjan) defendeu em evento na capital fluminense, na \u00faltima quinta-feira, 25, Dia da Ind\u00fastria, a\u00e7\u00f5es efetivas para o aumento da produtividade da ind\u00fastria nacional. Conforme ressaltou o presidente da entidade, Eduardo Eugenio Gouv\u00eaa Vieira, a Firjan elaborou a agenda \u201cPropostas Firjan para um Brasil 4.0\u201d, que se for adotada pelos governos federal e estadual haver\u00e1, nos pr\u00f3ximos cinco anos, um incremento expressivo da produtividade nacional, gerando forte crescimento no Produto Interno Bruto (PIB) brasileiro.<\/p>\n<p>\u201cA produtividade brasileira est\u00e1 estagnada h\u00e1 40 anos. O nosso foco \u00e9 o aumento da produtividade da nossa ind\u00fastria, imprescind\u00edvel para a retomada da economia nos pr\u00f3ximos anos. Para isso, precisamos adequar o nosso arcabou\u00e7o legal e regulat\u00f3rio do pa\u00eds\u201d, acrescentou Eduardo Eugenio.<\/p>\n<p>Luiz C\u00e9sio Caetano, 1\u00ba vice-presidente da Firjan, apresentou a agenda \u201cPropostas Firjan para um Brasil 4.0\u201d, com 62 a\u00e7\u00f5es para o Governo Federal e 41, para o Governo do Estado do Rio de Janeiro. A agenda foi formulada a partir da consulta aos 23 conselhos empresariais tem\u00e1ticos e regionais, ouvindo mais de 600 empres\u00e1rios fluminenses. Segundo o estudo, os fatores que influenciam diretamente a produtividade de uma economia compreendem o ambiente de neg\u00f3cios, a infraestrutura, o capital humano e a efici\u00eancia de estado.<\/p>\n<p>\u201cDestaco, em particular, a necessidade de moderniza\u00e7\u00e3o da legisla\u00e7\u00e3o trabalhista. O Brasil n\u00e3o apenas precisa preservar os avan\u00e7os alcan\u00e7ados com a reforma trabalhista de 2017, mas tamb\u00e9m promover nova atualiza\u00e7\u00e3o. A legisla\u00e7\u00e3o precisa incorporar os novos par\u00e2metros econ\u00f4micos, tecnol\u00f3gicos e sociais, oferecendo seguran\u00e7a jur\u00eddica para trabalhadores e empresas. Precisamos de uma Reforma Trabalhista 2.0\u201d, ressaltou Caetano.<\/p>\n<p>J\u00e1 o ministro Luiz Marinho<strong>\u00a0<\/strong>defendeu o uso dos recursos do FAT (Fundo de Amparo ao Trabalhador) prioritariamente a prote\u00e7\u00e3o do emprego, por meio do seguro-desemprego, e \u00e0 qualifica\u00e7\u00e3o profissional dos jovens, refor\u00e7ando o ensino m\u00e9dio profissionalizante e integral. Ele tamb\u00e9m disse ser importante o uso das novas tecnologias no trabalho, mas com equil\u00edbrio e a servi\u00e7o da sociedade.<\/p>\n<p><strong>Futuro do Trabalho<\/strong><\/p>\n<p>Luiz Carlos Renaux, presidente do Conselho Empresarial Trabalhista e Sindical da Firjan, abriu o evento citando os avan\u00e7os, cen\u00e1rios e possibilidades do trabalho na ind\u00fastria no mundo atual. &#8220;O presente e o futuro parecem n\u00e3o ter mais fronteiras. O que pretendemos \u00e9 oferecer discuss\u00e3o de alto n\u00edvel a partir de cen\u00e1rios poss\u00edveis que afetar\u00e3o o mundo, os consumidores e nossas ind\u00fastrias, como o uso da Intelig\u00eancia Artificial (IA)&#8221;. Para mostrar os avan\u00e7os da IA, Renaux conversou com o ChatGPT sobre as tend\u00eancias do futuro do trabalho.<\/p>\n<p>J\u00e1 no primeiro painel, o \u201cFuturo do Trabalho \u2013 Vis\u00f5es e estrat\u00e9gias empresariais\u201d foi apresentado pela coordenadora do Lab de Tend\u00eancias da Casa Firjan, Carol Fernandes, que destacou os desafios da ind\u00fastria e da sociedade diante do avan\u00e7o da Intelig\u00eancia Artificial. \u201cAlguns setores ainda encontram muitos desafios para a incorpora\u00e7\u00e3o de rob\u00f4s e de tecnologias por causa da necessidade de m\u00e3o de obra especializada, aplica\u00e7\u00e3o ao tipo de produto com o qual trabalham, al\u00e9m da dificuldade de acesso a novas tecnologias. Por\u00e9m, a automa\u00e7\u00e3o de processos e a robotiza\u00e7\u00e3o se tornar\u00e3o cada vez mais comuns em empresas de diferentes setores, contribuindo para a redu\u00e7\u00e3o de custos operacionais e para o aumento da produtividade como um todo\u201d, acrescentou a especialista.<\/p>\n<p>Tamb\u00e9m participaram da solenidade, o 2\u00ba vice-presidente da Firjan, Carlos Erane de Aguiar; o 1\u00ba vice-presidente da Firjan Cirj (Centro Industrial do Rio de Janeiro), Carlos Fernando Gross; e o 2\u00ba vice-presidente da Firjan Cirj, Raul Sanson; al\u00e9m de cerca de 250 empres\u00e1rios de todos os setores industriais fluminenses.<\/p>\n","protected":false},"excerpt":{"rendered":"<p>Com a participa\u00e7\u00e3o do ministro do Trabalho e Emprego, Luiz Marinho, a Federa\u00e7\u00e3o das Ind\u00fastrias do Estado do Rio de Janeiro (Firjan) defendeu em evento na capital fluminense, na \u00faltima quinta-feira, 25, Dia da Ind\u00fastria, a\u00e7\u00f5es efetivas para o aumento da produtividade da ind\u00fastria nacional. Conforme ressaltou o presidente da entidade, Eduardo Eugenio Gouv\u00eaa Vieira, [&hellip;]<\/p>\n","protected":false},"author":2,"featured_media":8706,"comment_status":"open","ping_status":"open","sticky":false,"template":"","format":"standard","meta":{"footnotes":""},"categories":[304],"tags":[],"class_list":["post-8705","post","type-post","status-publish","format-standard","has-post-thumbnail","hentry","category-rio-de-janeiro"],"_links":{"self":[{"href":"https:\/\/blogdodanielgalvao.com.br\/site\/wp-json\/wp\/v2\/posts\/8705","targetHints":{"allow":["GET"]}}],"collection":[{"href":"https:\/\/blogdodanielgalvao.com.br\/site\/wp-json\/wp\/v2\/posts"}],"about":[{"href":"https:\/\/blogdodanielgalvao.com.br\/site\/wp-json\/wp\/v2\/types\/post"}],"author":[{"embeddable":true,"href":"https:\/\/blogdodanielgalvao.com.br\/site\/wp-json\/wp\/v2\/users\/2"}],"replies":[{"embeddable":true,"href":"https:\/\/blogdodanielgalvao.com.br\/site\/wp-json\/wp\/v2\/comments?post=8705"}],"version-history":[{"count":1,"href":"https:\/\/blogdodanielgalvao.com.br\/site\/wp-json\/wp\/v2\/posts\/8705\/revisions"}],"predecessor-version":[{"id":8707,"href":"https:\/\/blogdodanielgalvao.com.br\/site\/wp-json\/wp\/v2\/posts\/8705\/revisions\/8707"}],"wp:featuredmedia":[{"embeddable":true,"href":"https:\/\/blogdodanielgalvao.com.br\/site\/wp-json\/wp\/v2\/media\/8706"}],"wp:attachment":[{"href":"https:\/\/blogdodanielgalvao.com.br\/site\/wp-json\/wp\/v2\/media?parent=8705"}],"wp:term":[{"taxonomy":"category","embeddable":true,"href":"https:\/\/blogdodanielgalvao.com.br\/site\/wp-json\/wp\/v2\/categories?post=8705"},{"taxonomy":"post_tag","embeddable":true,"href":"https:\/\/blogdodanielgalvao.com.br\/site\/wp-json\/wp\/v2\/tags?post=8705"}],"curies":[{"name":"wp","href":"https:\/\/api.w.org\/{rel}","templated":true}]}}