{"id":8701,"date":"2023-05-27T11:08:49","date_gmt":"2023-05-27T14:08:49","guid":{"rendered":"http:\/\/blogdodanielgalvao.com.br\/site\/?p=8701"},"modified":"2023-05-27T11:08:49","modified_gmt":"2023-05-27T14:08:49","slug":"secretario-de-educacao-dialoga-com-comissao-de-ciencia-e-tecnologia-da-camara","status":"publish","type":"post","link":"https:\/\/blogdodanielgalvao.com.br\/site\/secretario-de-educacao-dialoga-com-comissao-de-ciencia-e-tecnologia-da-camara\/","title":{"rendered":"Secret\u00e1rio de Educa\u00e7\u00e3o dialoga com Comiss\u00e3o de Ci\u00eancia e Tecnologia da C\u00e2mara"},"content":{"rendered":"<div>Educa\u00e7\u00e3o, Ci\u00eancia, Hist\u00f3ria, Cultura e Turismo foram alguns dos temas abordados durante reuni\u00e3o entre o secret\u00e1rio municipal de Educa\u00e7\u00e3o, Ci\u00eancia e Tecnologia, Marcelo Feres, e um grupo de trabalho da Comiss\u00e3o de Ci\u00eancia e Tecnologia da C\u00e2mara de Vereadores. O presidente da Comiss\u00e3o, vereador Edson Batista, foi representado pelos assessores Kele Viana e o jornalista Wesley Machado. O encontro aconteceu na noite desta quinta-feira (25) e contou, ainda, com a presen\u00e7a do agente cultural, jornalista e pesquisador, Edmundo Siqueira.<\/div>\n<div><\/div>\n<div>O grupo apresentou uma proposta de educa\u00e7\u00e3o em hist\u00f3ria regional e local para as escolas da rede municipal de ensino. Para o secret\u00e1rio, foi uma reuni\u00e3o extremamente relevante especialmente pela oportunidade de debater proposi\u00e7\u00f5es de projeto de lei e iniciativas em \u00e1reas diversas para o munic\u00edpio de Campos, como hist\u00f3rico-cultural e ci\u00eancia e tecnologia.<\/div>\n<div><\/div>\n<div>\u201cDentre as diversas possibilidades uma se destacou, que \u00e9 a constru\u00e7\u00e3o de um projeto que envolva a produ\u00e7\u00e3o de um aplicativo digital com conte\u00fados sobre a hist\u00f3ria, cultura e turismo em nosso munic\u00edpio, envolvendo a parceria de especialistas, a Prefeitura e institui\u00e7\u00f5es de ensino e pesquisa. Parabenizo ao Edmundo e ao vereador Dr. Edson pela forma de propor a\u00e7\u00f5es colaborativas que valorizem a hist\u00f3ria do nosso munic\u00edpio\u201d, destacou Marcelo.<\/div>\n<div><\/div>\n<div>Outras reuni\u00f5es acontecer\u00e3o em breve, envolvendo as coordena\u00e7\u00f5es pedag\u00f3gicas da Secretaria. \u201cA reuni\u00e3o foi muito produtiva e resultou na concep\u00e7\u00e3o de um programa tecnol\u00f3gico sobre Campos com vieses educativo, cient\u00edfico, hist\u00f3rico, cultural e tur\u00edstico\u201d, afirmou o vereador.<\/div>\n<div><\/div>\n<div>Edmundo avaliou o encontro de forma positiva. \u201cA reuni\u00e3o foi melhor que eu esperava, e surgiram algumas ideias muito boas de como aplicar esse conte\u00fado para nossas crian\u00e7as e nossos jovens. Acredito que nascer\u00e1 um programa muito interessante dessa inciativa. O Feres \u00e9 um gestor muito capacitado e muito empolgado para fazer acontecer, para transformar em uma pol\u00edtica p\u00fablica transformadora. A equipe do vereador Edson Batista est\u00e1 na condu\u00e7\u00e3o da parte legislativa da ideia, e participa de um mandato voltado para cultura. Foi muito bom. Na torcida para que a ideia se transforme em realidade\u201d, disse Edmundo.<\/div>\n","protected":false},"excerpt":{"rendered":"<p>Educa\u00e7\u00e3o, Ci\u00eancia, Hist\u00f3ria, Cultura e Turismo foram alguns dos temas abordados durante reuni\u00e3o entre o secret\u00e1rio municipal de Educa\u00e7\u00e3o, Ci\u00eancia e Tecnologia, Marcelo Feres, e um grupo de trabalho da Comiss\u00e3o de Ci\u00eancia e Tecnologia da C\u00e2mara de Vereadores. O presidente da Comiss\u00e3o, vereador Edson Batista, foi representado pelos assessores Kele Viana e o jornalista [&hellip;]<\/p>\n","protected":false},"author":2,"featured_media":8702,"comment_status":"open","ping_status":"open","sticky":false,"template":"","format":"standard","meta":{"footnotes":""},"categories":[3],"tags":[],"class_list":["post-8701","post","type-post","status-publish","format-standard","has-post-thumbnail","hentry","category-campos"],"_links":{"self":[{"href":"https:\/\/blogdodanielgalvao.com.br\/site\/wp-json\/wp\/v2\/posts\/8701","targetHints":{"allow":["GET"]}}],"collection":[{"href":"https:\/\/blogdodanielgalvao.com.br\/site\/wp-json\/wp\/v2\/posts"}],"about":[{"href":"https:\/\/blogdodanielgalvao.com.br\/site\/wp-json\/wp\/v2\/types\/post"}],"author":[{"embeddable":true,"href":"https:\/\/blogdodanielgalvao.com.br\/site\/wp-json\/wp\/v2\/users\/2"}],"replies":[{"embeddable":true,"href":"https:\/\/blogdodanielgalvao.com.br\/site\/wp-json\/wp\/v2\/comments?post=8701"}],"version-history":[{"count":1,"href":"https:\/\/blogdodanielgalvao.com.br\/site\/wp-json\/wp\/v2\/posts\/8701\/revisions"}],"predecessor-version":[{"id":8703,"href":"https:\/\/blogdodanielgalvao.com.br\/site\/wp-json\/wp\/v2\/posts\/8701\/revisions\/8703"}],"wp:featuredmedia":[{"embeddable":true,"href":"https:\/\/blogdodanielgalvao.com.br\/site\/wp-json\/wp\/v2\/media\/8702"}],"wp:attachment":[{"href":"https:\/\/blogdodanielgalvao.com.br\/site\/wp-json\/wp\/v2\/media?parent=8701"}],"wp:term":[{"taxonomy":"category","embeddable":true,"href":"https:\/\/blogdodanielgalvao.com.br\/site\/wp-json\/wp\/v2\/categories?post=8701"},{"taxonomy":"post_tag","embeddable":true,"href":"https:\/\/blogdodanielgalvao.com.br\/site\/wp-json\/wp\/v2\/tags?post=8701"}],"curies":[{"name":"wp","href":"https:\/\/api.w.org\/{rel}","templated":true}]}}