{"id":8697,"date":"2023-05-26T09:13:09","date_gmt":"2023-05-26T12:13:09","guid":{"rendered":"http:\/\/blogdodanielgalvao.com.br\/site\/?p=8697"},"modified":"2023-05-26T09:13:09","modified_gmt":"2023-05-26T12:13:09","slug":"castro-debate-a-reforma-tributaria-no-forum-de-governadores-em-brasilia","status":"publish","type":"post","link":"https:\/\/blogdodanielgalvao.com.br\/site\/castro-debate-a-reforma-tributaria-no-forum-de-governadores-em-brasilia\/","title":{"rendered":"Castro debate a Reforma Tribut\u00e1ria no F\u00f3rum de Governadores em Bras\u00edlia"},"content":{"rendered":"<p><big>O governador Cl\u00e1udio Castro participou, na manh\u00e3 desta quarta-feira (24\/5), do F\u00f3rum de Governadores dos Estados e do Distrito Federal, em Bras\u00edlia. No encontro, os chefes dos Executivos estaduais aprofundaram a discuss\u00e3o sobre a Reforma Tribut\u00e1ria, com a presen\u00e7a do presidente do Senado e do Congresso Nacional, senador Rodrigo Pacheco (PSD-MG), do relator, deputado federal Aguinaldo Ribeiro (PP-PB), do coordenador do Grupo de Trabalho sobre a \u00a0proposta, deputado federal Reginaldo Lopes (PT-MG), e do secret\u00e1rio extraordin\u00e1rio da reforma, Bernard Appy. O evento teve ainda a participa\u00e7\u00e3o do ministro das Rela\u00e7\u00f5es Exteriores do Reino Unido, James Cleverly.<\/big><\/p>\n<p><big>Para Cl\u00e1udio Castro, \u00e9 necess\u00e1rio que seja constru\u00edda a melhor proposta para o pa\u00eds, consolidando uma reforma que equilibre os interesses e demandas das diferentes regi\u00f5es. Por isso, vem ressaltando que todos os entes dever\u00e3o ceder um pouco. Al\u00e9m disso, o governador destacou a import\u00e2ncia de se conhecer o texto final, que ser\u00e1 constru\u00eddo a partir das PECs 45 e 110, em tramita\u00e7\u00e3o no Congresso.<\/big><\/p>\n<p><big>&#8211; Precisamos de uma reforma que simplifique o nosso sistema tribut\u00e1rio e garanta mais crescimento econ\u00f4mico para todo o pa\u00eds, de forma que a autonomia dos estados e munic\u00edpios seja respeitada. Para avan\u00e7armos nessa discuss\u00e3o, tamb\u00e9m precisamos que seja apresentado, o quanto antes, o texto final &#8211; declarou Cl\u00e1udio Castro.<\/big><\/p>\n<p><big>O presidente do Senado e do Congresso afirmou que h\u00e1 uma constata\u00e7\u00e3o nacional de que o atual sistema tribut\u00e1rio precisa ser substitu\u00eddo. Segundo Pacheco, os governadores s\u00e3o pe\u00e7as centrais dessa discuss\u00e3o, que, ao final, garantir\u00e1 mudan\u00e7as que trar\u00e3o mais otimismo para o Brasil.<\/big><\/p>\n<p><big>&#8211; H\u00e1 diverg\u00eancias que precisam ser dirimidas no \u00e2mbito p\u00fablico. Tem que ser pautada a arte de ceder para que tenhamos um sistema \u00f3bvio, claro, respeitando-se transi\u00e7\u00e3o e previsibilidade. A Reforma Tribut\u00e1ria vai gerar um otimismo e far\u00e1 o Brasil deslanchar de maneira extraordin\u00e1ria &#8211; disse Rodrigo Pacheco.<\/big><\/p>\n<p><strong><big>Encontro do Cosud no Rio<\/big><\/strong><\/p>\n<p><big>Na \u00faltima sexta-feira (19), o governador Cl\u00e1udio Castro recebeu, no Pal\u00e1cio Guanabara, no Rio, representantes dos estados que fazem parte do Cons\u00f3rcio de Integra\u00e7\u00e3o Sul e Sudeste (Cosud), o presidente da C\u00e2mara, Arthur Lira (PP-AL), e os deputados Reginaldo Lopes e Aguinaldo Ribeiro para discutir a Reforma Tribut\u00e1ria. Bernard Appy tamb\u00e9m esteve no encontro.<\/big><\/p>\n<p><big>Na ocasi\u00e3o, Castro reafirmou o apoio dos estados do Cosud \u00e0 reforma, refor\u00e7ando a import\u00e2ncia de que a nova legisla\u00e7\u00e3o tribut\u00e1ria respeite o Pacto Federativo, assegurando a autonomia de entes federados para que possam ter as suas necessidades atendidas.<\/big><\/p>\n","protected":false},"excerpt":{"rendered":"<p>O governador Cl\u00e1udio Castro participou, na manh\u00e3 desta quarta-feira (24\/5), do F\u00f3rum de Governadores dos Estados e do Distrito Federal, em Bras\u00edlia. No encontro, os chefes dos Executivos estaduais aprofundaram a discuss\u00e3o sobre a Reforma Tribut\u00e1ria, com a presen\u00e7a do presidente do Senado e do Congresso Nacional, senador Rodrigo Pacheco (PSD-MG), do relator, deputado federal [&hellip;]<\/p>\n","protected":false},"author":2,"featured_media":8698,"comment_status":"open","ping_status":"open","sticky":false,"template":"","format":"standard","meta":{"footnotes":""},"categories":[304],"tags":[],"class_list":["post-8697","post","type-post","status-publish","format-standard","has-post-thumbnail","hentry","category-rio-de-janeiro"],"_links":{"self":[{"href":"https:\/\/blogdodanielgalvao.com.br\/site\/wp-json\/wp\/v2\/posts\/8697","targetHints":{"allow":["GET"]}}],"collection":[{"href":"https:\/\/blogdodanielgalvao.com.br\/site\/wp-json\/wp\/v2\/posts"}],"about":[{"href":"https:\/\/blogdodanielgalvao.com.br\/site\/wp-json\/wp\/v2\/types\/post"}],"author":[{"embeddable":true,"href":"https:\/\/blogdodanielgalvao.com.br\/site\/wp-json\/wp\/v2\/users\/2"}],"replies":[{"embeddable":true,"href":"https:\/\/blogdodanielgalvao.com.br\/site\/wp-json\/wp\/v2\/comments?post=8697"}],"version-history":[{"count":1,"href":"https:\/\/blogdodanielgalvao.com.br\/site\/wp-json\/wp\/v2\/posts\/8697\/revisions"}],"predecessor-version":[{"id":8699,"href":"https:\/\/blogdodanielgalvao.com.br\/site\/wp-json\/wp\/v2\/posts\/8697\/revisions\/8699"}],"wp:featuredmedia":[{"embeddable":true,"href":"https:\/\/blogdodanielgalvao.com.br\/site\/wp-json\/wp\/v2\/media\/8698"}],"wp:attachment":[{"href":"https:\/\/blogdodanielgalvao.com.br\/site\/wp-json\/wp\/v2\/media?parent=8697"}],"wp:term":[{"taxonomy":"category","embeddable":true,"href":"https:\/\/blogdodanielgalvao.com.br\/site\/wp-json\/wp\/v2\/categories?post=8697"},{"taxonomy":"post_tag","embeddable":true,"href":"https:\/\/blogdodanielgalvao.com.br\/site\/wp-json\/wp\/v2\/tags?post=8697"}],"curies":[{"name":"wp","href":"https:\/\/api.w.org\/{rel}","templated":true}]}}