{"id":8690,"date":"2023-05-24T08:53:55","date_gmt":"2023-05-24T11:53:55","guid":{"rendered":"http:\/\/blogdodanielgalvao.com.br\/site\/?p=8690"},"modified":"2023-05-24T08:53:55","modified_gmt":"2023-05-24T11:53:55","slug":"legislativo-cobra-melhorias-no-atendimento-do-detran-e-correios","status":"publish","type":"post","link":"https:\/\/blogdodanielgalvao.com.br\/site\/legislativo-cobra-melhorias-no-atendimento-do-detran-e-correios\/","title":{"rendered":"Legislativo cobra melhorias no atendimento do Detran e Correios"},"content":{"rendered":"<p>Os servi\u00e7os do Detran-RJ para confec\u00e7\u00e3o da carteira de identidade foram questionados pelo vereador Luiz Matos (Republicanos), que apresentou requerimento aprovado nesta ter\u00e7a-feira (23), no Legislativo. \u201cOs macaenses s\u00f3 conseguem marcar o atendimento em outras cidades, como Trajano de Morais, Rio das Ostras e Concei\u00e7\u00e3o de Macabu\u201d.<\/p>\n<p>O presidente Cesinha (Solidariedade) ressaltou a import\u00e2ncia de haver um posto no munic\u00edpio. \u201cDevido \u00e0 reforma no pr\u00e9dio do \u00f3rg\u00e3o, \u00edamos perder para Rio das Ostras, e conseguimos reverter esse processo\u201d. Segundo o vereador, j\u00e1 foi realizado mutir\u00e3o para reduzir a fila de espera.<\/p>\n<p>Outra proposi\u00e7\u00e3o de Matos aprovada foi pela a volta do servi\u00e7o de Correios Comunit\u00e1rios, conv\u00eanio entre a empresa e a prefeitura para atender locais onde n\u00e3o \u00e9 feita a entrega de correspond\u00eancias. \u201cSabemos que \u00e9 uma parceria com a Secretaria de Desenvolvimento Social e solicitamos ao Executivo que retome, pois em muitos bairros as cartas n\u00e3o chegam\u201d.<\/p>\n<p>Novamente, foi Cesinha quem respondeu ao colega, j\u00e1 que apresentou requerimento semelhante. \u201cNa Virgem Santa, por exemplo, n\u00e3o h\u00e1 uma ag\u00eancia, e as pessoas precisam informar endere\u00e7os no Botafogo\u201d.<\/p>\n<p><strong>Outras vota\u00e7\u00f5es<\/strong><\/p>\n<p>Ainda foram aprovadas propostas de Iza Vicente (Rede), em defesa de grafiteiros que tiveram suas obras apagadas pela Secretaria de Servi\u00e7os P\u00fablicos; de Marlon Lima (PDT), pedindo aumento do efetivo da Pol\u00edcia Civil na cidade; e de Reginaldo do Hospital (Podemos), solicitando implanta\u00e7\u00e3o de uma unidade do Centro de Refer\u00eancia Social (Cras) na Virgem Santa.<\/p>\n","protected":false},"excerpt":{"rendered":"<p>Os servi\u00e7os do Detran-RJ para confec\u00e7\u00e3o da carteira de identidade foram questionados pelo vereador Luiz Matos (Republicanos), que apresentou requerimento aprovado nesta ter\u00e7a-feira (23), no Legislativo. \u201cOs macaenses s\u00f3 conseguem marcar o atendimento em outras cidades, como Trajano de Morais, Rio das Ostras e Concei\u00e7\u00e3o de Macabu\u201d. O presidente Cesinha (Solidariedade) ressaltou a import\u00e2ncia de [&hellip;]<\/p>\n","protected":false},"author":2,"featured_media":8691,"comment_status":"open","ping_status":"open","sticky":false,"template":"","format":"standard","meta":{"footnotes":""},"categories":[2],"tags":[],"class_list":["post-8690","post","type-post","status-publish","format-standard","has-post-thumbnail","hentry","category-macae"],"_links":{"self":[{"href":"https:\/\/blogdodanielgalvao.com.br\/site\/wp-json\/wp\/v2\/posts\/8690","targetHints":{"allow":["GET"]}}],"collection":[{"href":"https:\/\/blogdodanielgalvao.com.br\/site\/wp-json\/wp\/v2\/posts"}],"about":[{"href":"https:\/\/blogdodanielgalvao.com.br\/site\/wp-json\/wp\/v2\/types\/post"}],"author":[{"embeddable":true,"href":"https:\/\/blogdodanielgalvao.com.br\/site\/wp-json\/wp\/v2\/users\/2"}],"replies":[{"embeddable":true,"href":"https:\/\/blogdodanielgalvao.com.br\/site\/wp-json\/wp\/v2\/comments?post=8690"}],"version-history":[{"count":1,"href":"https:\/\/blogdodanielgalvao.com.br\/site\/wp-json\/wp\/v2\/posts\/8690\/revisions"}],"predecessor-version":[{"id":8692,"href":"https:\/\/blogdodanielgalvao.com.br\/site\/wp-json\/wp\/v2\/posts\/8690\/revisions\/8692"}],"wp:featuredmedia":[{"embeddable":true,"href":"https:\/\/blogdodanielgalvao.com.br\/site\/wp-json\/wp\/v2\/media\/8691"}],"wp:attachment":[{"href":"https:\/\/blogdodanielgalvao.com.br\/site\/wp-json\/wp\/v2\/media?parent=8690"}],"wp:term":[{"taxonomy":"category","embeddable":true,"href":"https:\/\/blogdodanielgalvao.com.br\/site\/wp-json\/wp\/v2\/categories?post=8690"},{"taxonomy":"post_tag","embeddable":true,"href":"https:\/\/blogdodanielgalvao.com.br\/site\/wp-json\/wp\/v2\/tags?post=8690"}],"curies":[{"name":"wp","href":"https:\/\/api.w.org\/{rel}","templated":true}]}}