{"id":8685,"date":"2023-05-23T10:28:05","date_gmt":"2023-05-23T13:28:05","guid":{"rendered":"http:\/\/blogdodanielgalvao.com.br\/site\/?p=8685"},"modified":"2023-05-23T10:28:05","modified_gmt":"2023-05-23T13:28:05","slug":"firjan-senai-esta-com-inscricoes-abertas-para-280-vagas-em-cursos-tecnicos-no-norte-e-noroeste","status":"publish","type":"post","link":"https:\/\/blogdodanielgalvao.com.br\/site\/firjan-senai-esta-com-inscricoes-abertas-para-280-vagas-em-cursos-tecnicos-no-norte-e-noroeste\/","title":{"rendered":"Firjan SENAI est\u00e1 com inscri\u00e7\u00f5es abertas para 280 vagas em cursos t\u00e9cnicos no Norte e Noroeste"},"content":{"rendered":"<div dir=\"auto\"><\/div>\n<div dir=\"auto\"><\/div>\n<div dir=\"auto\">A Firjan SENAI oferece cinco t\u00edtulos na campanha de Cursos T\u00e9cnicos 2023.2, com o objetivo de atender \u00e0s necessidades dos jovens que buscam o primeiro emprego ou dos trabalhadores que precisam alavancar a carreira. As inscri\u00e7\u00f5es podem ser feitas at\u00e9 a data do in\u00edcio das aulas, no dia 26 de julho. Os alunos que fizeram suas inscri\u00e7\u00f5es at\u00e9 esta data ainda receber\u00e3o 70% de desconto na primeira mensalidade. Ser\u00e3o oferecidas 280 vagas para os cursos de Seguran\u00e7a do Trabalho, Log\u00edstica, Mec\u00e2nica, Eletrot\u00e9cnica e Eletromec\u00e2nica, distribu\u00eddas nas unidades Firjan SENAI Campos, Maca\u00e9 e Itaperuna. As inscri\u00e7\u00f5es podem ser feitas no site\u00a0<a href=\"http:\/\/www.firjansenai.com.br\/\" target=\"_blank\" rel=\"noopener\" data-saferedirecturl=\"https:\/\/www.google.com\/url?q=http:\/\/www.firjansenai.com.br&amp;source=gmail&amp;ust=1684934207631000&amp;usg=AOvVaw1hq7s4B9lLgXOmHP3uPlXH\">www.firjansenai.com.br<\/a>.<\/div>\n<div dir=\"auto\"><\/div>\n<div dir=\"auto\">\u201cA Firjan SENAI, disponibiliza uma das melhores alternativas para a forma\u00e7\u00e3o de jovens e adultos que desejam um diferencial e qualidade formativas. Os cursos t\u00e9cnicos est\u00e3o alinhados com oportunidades e conectados com o futuro do trabalho. Com uma metodologia pr\u00f3pria, os cursos oportunizar\u00e3o conhecimentos e diferencial para a carreira e futuro de todos que buscam forma\u00e7\u00e3o profissional\u201d, explica Luciana Vieira, coordenadora pedag\u00f3gica da Firjan SENAI.<\/div>\n<div dir=\"auto\"><\/div>\n<div dir=\"auto\">Alunos de sucesso<\/div>\n<div dir=\"auto\"><\/div>\n<div dir=\"auto\">Formado no curso t\u00e9cnico em Automa\u00e7\u00e3o na Firjan SENAI Itagua\u00ed, Kau\u00e3 Dutra dos Santos, ele \u00e9 destaque nas Ol\u00edmpiadas dos Conhecimento na Firjan SENAI Santa Cruz, onde est\u00e1 fazendo um novo curso. Kau\u00e3 foi medalhista na etapa estadual da competi\u00e7\u00e3o, que \u00e9 o maior evento da educa\u00e7\u00e3o profissional das Am\u00e9ricas.<\/div>\n<div dir=\"auto\"><\/div>\n<div dir=\"auto\">\u201cSinto-me grato em poder participar em mais uma etapa da competi\u00e7\u00e3o, simboliza um momento \u00fanico n\u00e3o s\u00f3 profissional, mas para vida\u201d, destaca o jovem Kau\u00e3, de 19 anos, que est\u00e1 trabalhando na \u00e1rea t\u00e9cnica como jovem aprendiz.<\/div>\n<div dir=\"auto\"><\/div>\n<div dir=\"auto\">Saiba mais sobre os cursos<\/div>\n<div dir=\"auto\"><\/div>\n<div dir=\"auto\">As cargas hor\u00e1rias podem variar entre 1.200, 1.000 e 960 horas e os modelos de aula podem ser diferenciados. Quatorze cursos ser\u00e3o realizados com atividades semipresenciais (40% presencial e 60% \u00e0 dist\u00e2ncia) e somente os cursos t\u00e9cnicos em Log\u00edstica e Seguran\u00e7a do Trabalho ser\u00e3o ofertados no modelo EaD (20% presencial e 80% \u00e0 dist\u00e2ncia). Luciana refor\u00e7a a informa\u00e7\u00e3o de que todas as atividades presenciais ser\u00e3o realizadas nas respectivas unidades Firjan SENAI onde cada curso ser\u00e1 oferecido.<\/div>\n<div dir=\"auto\"><\/div>\n<div dir=\"auto\">Confira as vagas distribu\u00eddas por curso no Norte e Noroeste:<\/div>\n<div dir=\"auto\">\u2022 T\u00e9cnico em Seguran\u00e7a do Trabalho: Firjan SENAI Maca\u00e9 (40 vagas)<\/div>\n<div dir=\"auto\">\u2022 T\u00e9cnico em Log\u00edstica: unidades Firjan SENAI Maca\u00e9 (40 vagas)<\/div>\n<div dir=\"auto\">\u2022 T\u00e9cnico em Mec\u00e2nica: Firjan SENAI Campos (40 vagas) e Maca\u00e9 (40 vagas)<\/div>\n<div dir=\"auto\">\u2022 T\u00e9cnico em Eletrot\u00e9cnica: Firjan SENAI Itaperuna (40 vagas) e Maca\u00e9 (40 vagas)<\/div>\n<div dir=\"auto\">\u2022 T\u00e9cnico em Eletromec\u00e2nica: Firjan SENAI Campos (40 vagas)<\/div>\n<div dir=\"auto\"><\/div>\n<div dir=\"auto\">Ao todo, a Firjan SENAI oferece 16 t\u00edtulos em todo o estado do Rio. S\u00e3o oferecidas 2 mil vagas, distribu\u00eddas entre 23 unidades de todo o estado do Rio de Janeiro. Mais informa\u00e7\u00f5es e inscri\u00e7\u00f5es no site\u00a0<a href=\"http:\/\/www.firjansenai.com.br\/\" target=\"_blank\" rel=\"noopener\" data-saferedirecturl=\"https:\/\/www.google.com\/url?q=http:\/\/www.firjansenai.com.br&amp;source=gmail&amp;ust=1684934207631000&amp;usg=AOvVaw1hq7s4B9lLgXOmHP3uPlXH\">www.firjansenai.com.br<\/a><\/div>\n","protected":false},"excerpt":{"rendered":"<p>A Firjan SENAI oferece cinco t\u00edtulos na campanha de Cursos T\u00e9cnicos 2023.2, com o objetivo de atender \u00e0s necessidades dos jovens que buscam o primeiro emprego ou dos trabalhadores que precisam alavancar a carreira. As inscri\u00e7\u00f5es podem ser feitas at\u00e9 a data do in\u00edcio das aulas, no dia 26 de julho. Os alunos que fizeram [&hellip;]<\/p>\n","protected":false},"author":2,"featured_media":8687,"comment_status":"open","ping_status":"open","sticky":false,"template":"","format":"standard","meta":{"footnotes":""},"categories":[3,1873,2],"tags":[],"class_list":["post-8685","post","type-post","status-publish","format-standard","has-post-thumbnail","hentry","category-campos","category-itaperuna","category-macae"],"_links":{"self":[{"href":"https:\/\/blogdodanielgalvao.com.br\/site\/wp-json\/wp\/v2\/posts\/8685","targetHints":{"allow":["GET"]}}],"collection":[{"href":"https:\/\/blogdodanielgalvao.com.br\/site\/wp-json\/wp\/v2\/posts"}],"about":[{"href":"https:\/\/blogdodanielgalvao.com.br\/site\/wp-json\/wp\/v2\/types\/post"}],"author":[{"embeddable":true,"href":"https:\/\/blogdodanielgalvao.com.br\/site\/wp-json\/wp\/v2\/users\/2"}],"replies":[{"embeddable":true,"href":"https:\/\/blogdodanielgalvao.com.br\/site\/wp-json\/wp\/v2\/comments?post=8685"}],"version-history":[{"count":1,"href":"https:\/\/blogdodanielgalvao.com.br\/site\/wp-json\/wp\/v2\/posts\/8685\/revisions"}],"predecessor-version":[{"id":8688,"href":"https:\/\/blogdodanielgalvao.com.br\/site\/wp-json\/wp\/v2\/posts\/8685\/revisions\/8688"}],"wp:featuredmedia":[{"embeddable":true,"href":"https:\/\/blogdodanielgalvao.com.br\/site\/wp-json\/wp\/v2\/media\/8687"}],"wp:attachment":[{"href":"https:\/\/blogdodanielgalvao.com.br\/site\/wp-json\/wp\/v2\/media?parent=8685"}],"wp:term":[{"taxonomy":"category","embeddable":true,"href":"https:\/\/blogdodanielgalvao.com.br\/site\/wp-json\/wp\/v2\/categories?post=8685"},{"taxonomy":"post_tag","embeddable":true,"href":"https:\/\/blogdodanielgalvao.com.br\/site\/wp-json\/wp\/v2\/tags?post=8685"}],"curies":[{"name":"wp","href":"https:\/\/api.w.org\/{rel}","templated":true}]}}