{"id":8682,"date":"2023-05-22T10:01:22","date_gmt":"2023-05-22T13:01:22","guid":{"rendered":"http:\/\/blogdodanielgalvao.com.br\/site\/?p=8682"},"modified":"2023-05-22T10:01:22","modified_gmt":"2023-05-22T13:01:22","slug":"comissao-realiza-segunda-reuniao-da-cpi-da-aguas-do-paraiba","status":"publish","type":"post","link":"https:\/\/blogdodanielgalvao.com.br\/site\/comissao-realiza-segunda-reuniao-da-cpi-da-aguas-do-paraiba\/","title":{"rendered":"Comiss\u00e3o realiza segunda reuni\u00e3o da CPI da \u00c1guas do Para\u00edba"},"content":{"rendered":"<p>Aconteceu na tarde desta quarta-feira (17), na sala de reuni\u00e3o Paulo Albernaz, na C\u00e2mara Municipal, a segunda reuni\u00e3o da Comiss\u00e3o Parlamentar de Inqu\u00e9rito (CPI) da \u00c1guas do Para\u00edba, que foi instaurada na Casa de Leis no dia 26 de abril de acordo com o Ato Executivo n\u00ba 0026\/2023.<\/p>\n<p>Estiveram presentes no encontro, o presidente da CPI, o vereador Rog\u00e9rio Matoso (Uni\u00e3o), al\u00e9m dos outros parlamentares que comp\u00f5em a comiss\u00e3o como Marquinho do Transporte (PDT), Igor Pereira (Solidariedade) e Helinho Nahim (Agir). O relator Bruno Vianna (PSD) n\u00e3o pode comparecer devido a motivos pessoais, mas mandou um representante em seu lugar. Al\u00e9m dos vereadores, advogados que ir\u00e3o compor o processo estiveram no encontro.<\/p>\n<p>O vereador Rog\u00e9rio Matoso detalhou como foi a reuni\u00e3o. &#8220;Hoje a comiss\u00e3o encaminhou algumas investiga\u00e7\u00f5es que durante o processo todos saber\u00e3o na hora do relat\u00f3rio. Iremos fazer uma CPI proativa, onde a popula\u00e7\u00e3o ir\u00e1 participar conosco, e iremos buscar meios e ferramentas para realizar isso. Queremos apurar de maneira equilibrada, ouvindo todos os lados, e fazendo um encaminhamento sempre sereno e dentro da justi\u00e7a&#8221;, pontuou.<\/p>\n<p>Ap\u00f3s a reuni\u00e3o, Rog\u00e9rio Matoso anunciou que nos pr\u00f3ximos dias ser\u00e1 criado um aplicativo para a popula\u00e7\u00e3o interagir diretamente com a Casa sobre os servi\u00e7os prestados pela empresa terceirizada ao munic\u00edpio. O vereador tamb\u00e9m informou que representantes da \u00c1guas do Para\u00edba ser\u00e3o convocados para prestar esclarecimentos na CPI.<\/p>\n","protected":false},"excerpt":{"rendered":"<p>Aconteceu na tarde desta quarta-feira (17), na sala de reuni\u00e3o Paulo Albernaz, na C\u00e2mara Municipal, a segunda reuni\u00e3o da Comiss\u00e3o Parlamentar de Inqu\u00e9rito (CPI) da \u00c1guas do Para\u00edba, que foi instaurada na Casa de Leis no dia 26 de abril de acordo com o Ato Executivo n\u00ba 0026\/2023. Estiveram presentes no encontro, o presidente da [&hellip;]<\/p>\n","protected":false},"author":2,"featured_media":8683,"comment_status":"open","ping_status":"open","sticky":false,"template":"","format":"standard","meta":{"footnotes":""},"categories":[3],"tags":[],"class_list":["post-8682","post","type-post","status-publish","format-standard","has-post-thumbnail","hentry","category-campos"],"_links":{"self":[{"href":"https:\/\/blogdodanielgalvao.com.br\/site\/wp-json\/wp\/v2\/posts\/8682","targetHints":{"allow":["GET"]}}],"collection":[{"href":"https:\/\/blogdodanielgalvao.com.br\/site\/wp-json\/wp\/v2\/posts"}],"about":[{"href":"https:\/\/blogdodanielgalvao.com.br\/site\/wp-json\/wp\/v2\/types\/post"}],"author":[{"embeddable":true,"href":"https:\/\/blogdodanielgalvao.com.br\/site\/wp-json\/wp\/v2\/users\/2"}],"replies":[{"embeddable":true,"href":"https:\/\/blogdodanielgalvao.com.br\/site\/wp-json\/wp\/v2\/comments?post=8682"}],"version-history":[{"count":1,"href":"https:\/\/blogdodanielgalvao.com.br\/site\/wp-json\/wp\/v2\/posts\/8682\/revisions"}],"predecessor-version":[{"id":8684,"href":"https:\/\/blogdodanielgalvao.com.br\/site\/wp-json\/wp\/v2\/posts\/8682\/revisions\/8684"}],"wp:featuredmedia":[{"embeddable":true,"href":"https:\/\/blogdodanielgalvao.com.br\/site\/wp-json\/wp\/v2\/media\/8683"}],"wp:attachment":[{"href":"https:\/\/blogdodanielgalvao.com.br\/site\/wp-json\/wp\/v2\/media?parent=8682"}],"wp:term":[{"taxonomy":"category","embeddable":true,"href":"https:\/\/blogdodanielgalvao.com.br\/site\/wp-json\/wp\/v2\/categories?post=8682"},{"taxonomy":"post_tag","embeddable":true,"href":"https:\/\/blogdodanielgalvao.com.br\/site\/wp-json\/wp\/v2\/tags?post=8682"}],"curies":[{"name":"wp","href":"https:\/\/api.w.org\/{rel}","templated":true}]}}