{"id":8679,"date":"2023-05-21T10:35:35","date_gmt":"2023-05-21T13:35:35","guid":{"rendered":"http:\/\/blogdodanielgalvao.com.br\/site\/?p=8679"},"modified":"2023-05-21T10:35:35","modified_gmt":"2023-05-21T13:35:35","slug":"no-rio-governadores-do-sul-e-sudeste-debatem-reforma-tributaria-com-presidente-da-camara","status":"publish","type":"post","link":"https:\/\/blogdodanielgalvao.com.br\/site\/no-rio-governadores-do-sul-e-sudeste-debatem-reforma-tributaria-com-presidente-da-camara\/","title":{"rendered":"No Rio, governadores do Sul e Sudeste debatem Reforma Tribut\u00e1ria com presidente da C\u00e2mara"},"content":{"rendered":"<p><big>O governador Cl\u00e1udio Castro recebeu, nesta sexta-feira (19\/5), no Pal\u00e1cio Guanabara, no Rio, o governador do Esp\u00edrito Santo, Renato Casagrande, e representantes dos estados que fazem parte do Cons\u00f3rcio de Integra\u00e7\u00e3o Sul e Sudeste (Cosud) para discutir com o presidente da C\u00e2mara dos Deputados, Arthur Lira (PP-AL), a Reforma Tribut\u00e1ria. Participaram tamb\u00e9m o secret\u00e1rio extraordin\u00e1rio da Reforma Tribut\u00e1ria, Bernard Appy; o coordenador do Grupo de Trabalho sobre a reforma, deputado federal Reginaldo Lopes (PT-MG); e o deputado federal Aguinaldo Ribeiro (PP-PB), relator da proposta, al\u00e9m de parlamentares da bancada fluminense.<\/big><\/p>\n<p><big>Cl\u00e1udio Castro reafirmou o apoio dos estados do Cosud \u00e0 Reforma, refor\u00e7ando a import\u00e2ncia de que a nova legisla\u00e7\u00e3o tribut\u00e1ria respeite o Pacto Federativo, garantindo a autonomia de estados e munic\u00edpios para que possam ter as suas necessidades atendidas. Para o governador, a mudan\u00e7a ser\u00e1 fundamental para atrair investimentos, alavancar o crescimento econ\u00f4mico do pa\u00eds e reduzir as desigualdades sociais.<\/big><\/p>\n<p><big>&#8211; Colocamos as inquietudes dos estados do Cosud com rela\u00e7\u00e3o \u00e0 Reforma, como a necessidade da apresenta\u00e7\u00e3o de estudos t\u00e9cnicos, e os pontos em que os estados podem colaborar. Cada decis\u00e3o tomada mexe no dia a dia dos estados, e esse di\u00e1logo \u00e9 fundamental. O esp\u00edrito federativo tem que reinar na reforma &#8211; afirmou o governador do Rio.<\/big><\/p>\n<p><big>&#8211; Estamos falando de uma mat\u00e9ria que afetar\u00e1, com certeza, todos os estados. Olhamos aqui para a parte que atinge as receitas do Esp\u00edrito Santo. Precisamos nos adaptar ao modelo ca\u00f3tico que temos hoje no sistema tribut\u00e1rio brasileiro, criando iniciativa de desenvolvimento baseada na gest\u00e3o l\u00f3gica do ICMS. Neste momento, estamos trabalhando numa vis\u00e3o gen\u00e9rica, sem levar em considera\u00e7\u00e3o as particularidades de cada estado, e isso tem nos angustiado &#8211; refor\u00e7ou Renato Casagrande.\u00a0<\/big><\/p>\n<p><big>Os integrantes do Cosud reiteraram o apoio aos princ\u00edpios orientadores da Reforma, como a tributa\u00e7\u00e3o no destino, a base ampla e a simplifica\u00e7\u00e3o das obriga\u00e7\u00f5es para os contribuintes.<\/big><\/p>\n<p><big>Segundo Arthur Lira, a Reforma Tribut\u00e1ria deve entrar na pauta ainda no primeiro semestre.<\/big><\/p>\n<p><big>&#8211; Essa \u00e9 uma oportunidade de ampliar o debate, e a C\u00e2mara vem cumprindo o seu papel, trazendo as partes interessadas para a discuss\u00e3o &#8211; disse o presidente da C\u00e2mara dos Deputados.\u00a0<\/big><\/p>\n<p><big>Participaram da reuni\u00e3o o governador do Esp\u00edrito Santo, Renato Casagrande; a vice-governadora de Santa Catarina, Marilisa Boehm; o vice-governador do Rio Grande do Sul, Gabriel Souza; os secret\u00e1rios de Fazenda do Rio de Janeiro, Leonardo Lobo; do Paran\u00e1, Ren\u00ea Garcia; de S\u00e3o Paulo, Samuel Kinoshita; de Minas Gerais, Gustavo Barbosa; do Esp\u00edrito Santo, Marcelo Alto\u00e9; de Santa Catarina, Cleverson Siewert; e do Rio Grande do Sul, Itanielson Cruz, al\u00e9m de deputados federais e estaduais do Rio.<\/big><\/p>\n","protected":false},"excerpt":{"rendered":"<p>O governador Cl\u00e1udio Castro recebeu, nesta sexta-feira (19\/5), no Pal\u00e1cio Guanabara, no Rio, o governador do Esp\u00edrito Santo, Renato Casagrande, e representantes dos estados que fazem parte do Cons\u00f3rcio de Integra\u00e7\u00e3o Sul e Sudeste (Cosud) para discutir com o presidente da C\u00e2mara dos Deputados, Arthur Lira (PP-AL), a Reforma Tribut\u00e1ria. Participaram tamb\u00e9m o secret\u00e1rio extraordin\u00e1rio [&hellip;]<\/p>\n","protected":false},"author":2,"featured_media":8680,"comment_status":"open","ping_status":"open","sticky":false,"template":"","format":"standard","meta":{"footnotes":""},"categories":[304],"tags":[],"class_list":["post-8679","post","type-post","status-publish","format-standard","has-post-thumbnail","hentry","category-rio-de-janeiro"],"_links":{"self":[{"href":"https:\/\/blogdodanielgalvao.com.br\/site\/wp-json\/wp\/v2\/posts\/8679","targetHints":{"allow":["GET"]}}],"collection":[{"href":"https:\/\/blogdodanielgalvao.com.br\/site\/wp-json\/wp\/v2\/posts"}],"about":[{"href":"https:\/\/blogdodanielgalvao.com.br\/site\/wp-json\/wp\/v2\/types\/post"}],"author":[{"embeddable":true,"href":"https:\/\/blogdodanielgalvao.com.br\/site\/wp-json\/wp\/v2\/users\/2"}],"replies":[{"embeddable":true,"href":"https:\/\/blogdodanielgalvao.com.br\/site\/wp-json\/wp\/v2\/comments?post=8679"}],"version-history":[{"count":1,"href":"https:\/\/blogdodanielgalvao.com.br\/site\/wp-json\/wp\/v2\/posts\/8679\/revisions"}],"predecessor-version":[{"id":8681,"href":"https:\/\/blogdodanielgalvao.com.br\/site\/wp-json\/wp\/v2\/posts\/8679\/revisions\/8681"}],"wp:featuredmedia":[{"embeddable":true,"href":"https:\/\/blogdodanielgalvao.com.br\/site\/wp-json\/wp\/v2\/media\/8680"}],"wp:attachment":[{"href":"https:\/\/blogdodanielgalvao.com.br\/site\/wp-json\/wp\/v2\/media?parent=8679"}],"wp:term":[{"taxonomy":"category","embeddable":true,"href":"https:\/\/blogdodanielgalvao.com.br\/site\/wp-json\/wp\/v2\/categories?post=8679"},{"taxonomy":"post_tag","embeddable":true,"href":"https:\/\/blogdodanielgalvao.com.br\/site\/wp-json\/wp\/v2\/tags?post=8679"}],"curies":[{"name":"wp","href":"https:\/\/api.w.org\/{rel}","templated":true}]}}