{"id":8673,"date":"2023-05-19T09:04:55","date_gmt":"2023-05-19T12:04:55","guid":{"rendered":"http:\/\/blogdodanielgalvao.com.br\/site\/?p=8673"},"modified":"2023-05-19T09:04:55","modified_gmt":"2023-05-19T12:04:55","slug":"em-brasilia-vereadores-de-macae-buscam-solucao-para-a-telefonia-na-serra","status":"publish","type":"post","link":"https:\/\/blogdodanielgalvao.com.br\/site\/em-brasilia-vereadores-de-macae-buscam-solucao-para-a-telefonia-na-serra\/","title":{"rendered":"Em Bras\u00edlia, vereadores de Maca\u00e9 buscam solu\u00e7\u00e3o para a telefonia na Serra"},"content":{"rendered":"<p>Nesta quarta-feira (17), vereadores da C\u00e2mara de Maca\u00e9 foram at\u00e9 Bras\u00edlia-DF em busca de solu\u00e7\u00e3o para a falta de cobertura da rede de telefonia nos distritos da Serra. O presidente Cesinha (Solidariedade), Tico Jardim (Solidariedade) e Paulo Paes (Uni\u00e3o Brasil) falaram sobre o problema ao Ministro das Comunica\u00e7\u00f5es, Juscelino Filho, que se comprometeu, em nome do governo federal, a atender o pleito.<\/p>\n<p>A agenda foi organizada pelo deputado federal Max Lemos (PDT-RJ). Ele disse ao ministro que o Hospital do Trapiche \u00e9 diretamente afetado porque a popula\u00e7\u00e3o tem dificuldades de buscar socorro em casos de emerg\u00eancias. \u201cMaca\u00e9 \u00e9 uma cidade de grande import\u00e2ncia e h\u00e1 anos o problema persiste, assim como ocorre em outras partes do estado. Nossa equipe est\u00e1 fazendo um levantamento de todas as \u00e1reas sem cobertura\u201d, disse.<\/p>\n<p>Cesinha lembrou que, somente na unidade, mais de 55 mil atendimentos foram realizados em 2022. \u201cAl\u00e9m disso, o n\u00famero de cirurgias vem aumentando. Muitas fam\u00edlias ficam angustiadas porque n\u00e3o conseguem contato com o parente que est\u00e1 internado. Ter uma cobertura de telefonia ainda ajudar\u00e1 bastante no fomento da economia e do turismo, com mais emprego para os moradores\u201d, acrescentou.<\/p>\n<p>Residentes na Serra, Tico e Paulo Paes lembraram que o Legislativo macaense recebe in\u00fameras reclama\u00e7\u00f5es por falta de sinal telef\u00f4nico. Eles entregaram ao ministro um abaixo-assinado que passou pelos distritos ao longo das \u00faltimas semanas.<\/p>\n<p><strong>Energia El\u00e9trica<\/strong><\/p>\n<p>Outra situa\u00e7\u00e3o que atrapalha a vida na Serra \u00e9 a constante falta de energia el\u00e9trica. Respons\u00e1vel pelo servi\u00e7o, a empresa Enel alega que muitos atendimentos demoram a acontecer porque o cliente n\u00e3o tem como ligar para solicitar o reparo. Recentemente, a C\u00e2mara formalizou a cria\u00e7\u00e3o de uma frente parlamentar para fiscalizar o servi\u00e7o. Durante o encontro, foi entregue um of\u00edcio que detalha o caso.<\/p>\n<p>De acordo com Juscelino, o Minist\u00e9rio das Comunica\u00e7\u00f5es se empenhar\u00e1 para garantir maior cobertura telef\u00f4nica. \u201cRecentemente, o leil\u00e3o do 5G (tecnologia de alta velocidade para internet m\u00f3vel e celular) aconteceu e temos um cronograma para levar sinal a milhares de locais espalhados pelo Brasil. Estudaremos como atender Maca\u00e9 o quanto antes\u201d, disse.<\/p>\n","protected":false},"excerpt":{"rendered":"<p>Nesta quarta-feira (17), vereadores da C\u00e2mara de Maca\u00e9 foram at\u00e9 Bras\u00edlia-DF em busca de solu\u00e7\u00e3o para a falta de cobertura da rede de telefonia nos distritos da Serra. O presidente Cesinha (Solidariedade), Tico Jardim (Solidariedade) e Paulo Paes (Uni\u00e3o Brasil) falaram sobre o problema ao Ministro das Comunica\u00e7\u00f5es, Juscelino Filho, que se comprometeu, em nome [&hellip;]<\/p>\n","protected":false},"author":2,"featured_media":8674,"comment_status":"open","ping_status":"open","sticky":false,"template":"","format":"standard","meta":{"footnotes":""},"categories":[2],"tags":[],"class_list":["post-8673","post","type-post","status-publish","format-standard","has-post-thumbnail","hentry","category-macae"],"_links":{"self":[{"href":"https:\/\/blogdodanielgalvao.com.br\/site\/wp-json\/wp\/v2\/posts\/8673","targetHints":{"allow":["GET"]}}],"collection":[{"href":"https:\/\/blogdodanielgalvao.com.br\/site\/wp-json\/wp\/v2\/posts"}],"about":[{"href":"https:\/\/blogdodanielgalvao.com.br\/site\/wp-json\/wp\/v2\/types\/post"}],"author":[{"embeddable":true,"href":"https:\/\/blogdodanielgalvao.com.br\/site\/wp-json\/wp\/v2\/users\/2"}],"replies":[{"embeddable":true,"href":"https:\/\/blogdodanielgalvao.com.br\/site\/wp-json\/wp\/v2\/comments?post=8673"}],"version-history":[{"count":1,"href":"https:\/\/blogdodanielgalvao.com.br\/site\/wp-json\/wp\/v2\/posts\/8673\/revisions"}],"predecessor-version":[{"id":8675,"href":"https:\/\/blogdodanielgalvao.com.br\/site\/wp-json\/wp\/v2\/posts\/8673\/revisions\/8675"}],"wp:featuredmedia":[{"embeddable":true,"href":"https:\/\/blogdodanielgalvao.com.br\/site\/wp-json\/wp\/v2\/media\/8674"}],"wp:attachment":[{"href":"https:\/\/blogdodanielgalvao.com.br\/site\/wp-json\/wp\/v2\/media?parent=8673"}],"wp:term":[{"taxonomy":"category","embeddable":true,"href":"https:\/\/blogdodanielgalvao.com.br\/site\/wp-json\/wp\/v2\/categories?post=8673"},{"taxonomy":"post_tag","embeddable":true,"href":"https:\/\/blogdodanielgalvao.com.br\/site\/wp-json\/wp\/v2\/tags?post=8673"}],"curies":[{"name":"wp","href":"https:\/\/api.w.org\/{rel}","templated":true}]}}