{"id":8670,"date":"2023-05-19T09:03:15","date_gmt":"2023-05-19T12:03:15","guid":{"rendered":"http:\/\/blogdodanielgalvao.com.br\/site\/?p=8670"},"modified":"2023-05-19T09:03:15","modified_gmt":"2023-05-19T12:03:15","slug":"macae-servidores-da-prefeitura-voltarao-a-ter-salario-reajustado-pelo-segundo-ano-consecutivo","status":"publish","type":"post","link":"https:\/\/blogdodanielgalvao.com.br\/site\/macae-servidores-da-prefeitura-voltarao-a-ter-salario-reajustado-pelo-segundo-ano-consecutivo\/","title":{"rendered":"Maca\u00e9: servidores da Prefeitura voltar\u00e3o a ter sal\u00e1rio reajustado pelo segundo ano consecutivo"},"content":{"rendered":"<p class=\"p1\"><span class=\"s1\">Depois de amargar longos seis anos sem aumento nos sal\u00e1rios durante o Governo do ex-prefeito, Dr. Alu\u00edzio, o servidor p\u00fablico de Maca\u00e9 volta a ser valorizado. Isso porque, o percentual de reajuste em 2023 ser\u00e1 maior que o do ano passado. O an\u00fancio foi feito na tarde desta quinta-feira, 18. <\/span><\/p>\n<p class=\"p1\"><span class=\"s1\">Enquanto em 2022 o Governo concedeu 5% de aumento salarial aos funcion\u00e1rios da Prefeitura, este ano o reajuste ser\u00e1 na casa de 6%. A ideia \u00e9 recompor as perdas e valorizar os servidores &#8211; categoria que foi abandonada ao longo dos oito anos da gest\u00e3o de Dr. Alu\u00edzio. <\/span><\/p>\n<p class=\"p1\"><span class=\"s1\">Mas n\u00e3o \u00e9 s\u00f3 isso. Al\u00e9m do reajuste, o Governo vai pagar R$ 2 mil de abono em parcela \u00fanica em dezembro deste ano e ainda vai aumentar em 10% o valor do ticket-alimenta\u00e7\u00e3o e vale-refei\u00e7\u00e3o do funcionalismo ampliando este benef\u00edcio.<\/span><\/p>\n<p class=\"p1\"><span class=\"s1\">Por \u00faltimo, e n\u00e3o menos importante, o sal\u00e1rio m\u00ednimo dos servidores macaenses passa a ser fixado em R$ 1.399,20, acabando com as discrep\u00e2ncias que havia no funcionalismo por anos. <\/span><\/p>\n<p class=\"p1\"><span class=\"s1\">Com essa, j\u00e1 s\u00e3o mais de 40 leis em benef\u00edcio dos servidores municipais durante o Governo do prefeito Welberth Rezende (CIDADANIA). O Projeto de Lei do Executivo, inclusive, j\u00e1 come\u00e7ou a tramitar na C\u00e2mara e deve ser votado nos pr\u00f3ximos dias. A conferir!<\/span><\/p>\n","protected":false},"excerpt":{"rendered":"<p>Depois de amargar longos seis anos sem aumento nos sal\u00e1rios durante o Governo do ex-prefeito, Dr. Alu\u00edzio, o servidor p\u00fablico de Maca\u00e9 volta a ser valorizado. Isso porque, o percentual de reajuste em 2023 ser\u00e1 maior que o do ano passado. O an\u00fancio foi feito na tarde desta quinta-feira, 18. Enquanto em 2022 o Governo [&hellip;]<\/p>\n","protected":false},"author":2,"featured_media":8671,"comment_status":"open","ping_status":"open","sticky":false,"template":"","format":"standard","meta":{"footnotes":""},"categories":[2],"tags":[1872,1871,71],"class_list":["post-8670","post","type-post","status-publish","format-standard","has-post-thumbnail","hentry","category-macae","tag-aumento-salario","tag-reajuste-servidores","tag-welberth"],"_links":{"self":[{"href":"https:\/\/blogdodanielgalvao.com.br\/site\/wp-json\/wp\/v2\/posts\/8670","targetHints":{"allow":["GET"]}}],"collection":[{"href":"https:\/\/blogdodanielgalvao.com.br\/site\/wp-json\/wp\/v2\/posts"}],"about":[{"href":"https:\/\/blogdodanielgalvao.com.br\/site\/wp-json\/wp\/v2\/types\/post"}],"author":[{"embeddable":true,"href":"https:\/\/blogdodanielgalvao.com.br\/site\/wp-json\/wp\/v2\/users\/2"}],"replies":[{"embeddable":true,"href":"https:\/\/blogdodanielgalvao.com.br\/site\/wp-json\/wp\/v2\/comments?post=8670"}],"version-history":[{"count":1,"href":"https:\/\/blogdodanielgalvao.com.br\/site\/wp-json\/wp\/v2\/posts\/8670\/revisions"}],"predecessor-version":[{"id":8672,"href":"https:\/\/blogdodanielgalvao.com.br\/site\/wp-json\/wp\/v2\/posts\/8670\/revisions\/8672"}],"wp:featuredmedia":[{"embeddable":true,"href":"https:\/\/blogdodanielgalvao.com.br\/site\/wp-json\/wp\/v2\/media\/8671"}],"wp:attachment":[{"href":"https:\/\/blogdodanielgalvao.com.br\/site\/wp-json\/wp\/v2\/media?parent=8670"}],"wp:term":[{"taxonomy":"category","embeddable":true,"href":"https:\/\/blogdodanielgalvao.com.br\/site\/wp-json\/wp\/v2\/categories?post=8670"},{"taxonomy":"post_tag","embeddable":true,"href":"https:\/\/blogdodanielgalvao.com.br\/site\/wp-json\/wp\/v2\/tags?post=8670"}],"curies":[{"name":"wp","href":"https:\/\/api.w.org\/{rel}","templated":true}]}}