{"id":8637,"date":"2023-05-12T09:02:15","date_gmt":"2023-05-12T12:02:15","guid":{"rendered":"http:\/\/blogdodanielgalvao.com.br\/site\/?p=8637"},"modified":"2023-05-12T09:02:15","modified_gmt":"2023-05-12T12:02:15","slug":"em-nova-iorque-governador-e-convidado-especial-de-evento-do-btg-pactual-para-premiar-projetos-sociais","status":"publish","type":"post","link":"https:\/\/blogdodanielgalvao.com.br\/site\/em-nova-iorque-governador-e-convidado-especial-de-evento-do-btg-pactual-para-premiar-projetos-sociais\/","title":{"rendered":"Em Nova Iorque, governador \u00e9 convidado especial de evento do BTG Pactual para premiar projetos sociais"},"content":{"rendered":"<p>O governador Cl\u00e1udio Castro foi convidado especial do evento promovido pelo BTG Pactual, maior banco de investimentos da Am\u00e9rica Latina, para premiar projetos sociais que se destacaram pela atua\u00e7\u00e3o no Brasil. A premia\u00e7\u00e3o aconteceu nesta quinta-feira (11\/5), em Nova Iorque, nos EUA.<\/p>\n<p>&#8211; Foi um evento muito importante para trocar ideias e conhecer novas pol\u00edticas p\u00fablicas que ajudam a transformar vidas. Nosso governo tem trabalhado para devolver a dignidade de milhares de pessoas com a implementa\u00e7\u00e3o de programas como o Restaurante do Povo, que j\u00e1 serviu mais de dez milh\u00f5es de refei\u00e7\u00f5es, e o SuperaRJ, que levou renda para mais de meio milh\u00e3o de pessoas. Sa\u00edmos do evento com novas ideias para atender a popula\u00e7\u00e3o carente &#8211; disse o governador.<\/p>\n<p>Na premia\u00e7\u00e3o, foi homenageado o CEO da Suzano, Walter Schalka, eleito Personalidade do Ano de 2023, pela C\u00e2mara de Com\u00e9rcio Brasil-Estados Unidos. Tamb\u00e9m foi premiado o empreendedor social e ativista Edu Lyra, da ONG Gerando Falc\u00f5es, que oferece emprego, esporte e cultura para mais de 200 mil pessoas.<\/p>\n<p>O BTG tamb\u00e9m concedeu o pr\u00eamio para Alcione Albanesi, respons\u00e1vel pelo projeto Amigos do Bem, que contempla moradores do sert\u00e3o de Alagoas, de Pernambuco e do Cear\u00e1 com acesso \u00e0 \u00e1gua, educa\u00e7\u00e3o, sa\u00fade e gera\u00e7\u00e3o de emprego.<\/p>\n<p><strong>Concess\u00e3o de saneamento \u00e9 elogiada<\/strong><br \/>\nDurante a premia\u00e7\u00e3o, que tamb\u00e9m discutiu o atual cen\u00e1rio econ\u00f4mico e pol\u00edtico do Brasil, a concess\u00e3o de saneamento realizada pelo Governo do Rio de Janeiro foi considerada uma refer\u00eancia nacional. O processo est\u00e1 universalizando a distribui\u00e7\u00e3o de \u00e1gua, a coleta e o tratamento de esgoto em 46 munic\u00edpios e beneficiando 13 milh\u00f5es de pessoas, al\u00e9m de gerar 26 mil empregos diretos e indiretos.<\/p>\n<p><strong>Pr\u00f3xima agenda do dia<\/strong><br \/>\nAinda nesta quinta-feira, o governador Cl\u00e1udio Castro realiza ainda palestra sobre o trabalho do Governo do Rio na \u00e1rea de energia renov\u00e1vel, na confer\u00eancia Latam GRI Infra &amp; Energy 2023.<\/p>\n","protected":false},"excerpt":{"rendered":"<p>O governador Cl\u00e1udio Castro foi convidado especial do evento promovido pelo BTG Pactual, maior banco de investimentos da Am\u00e9rica Latina, para premiar projetos sociais que se destacaram pela atua\u00e7\u00e3o no Brasil. A premia\u00e7\u00e3o aconteceu nesta quinta-feira (11\/5), em Nova Iorque, nos EUA. &#8211; Foi um evento muito importante para trocar ideias e conhecer novas pol\u00edticas [&hellip;]<\/p>\n","protected":false},"author":2,"featured_media":8638,"comment_status":"open","ping_status":"open","sticky":false,"template":"","format":"standard","meta":{"footnotes":""},"categories":[304],"tags":[],"class_list":["post-8637","post","type-post","status-publish","format-standard","has-post-thumbnail","hentry","category-rio-de-janeiro"],"_links":{"self":[{"href":"https:\/\/blogdodanielgalvao.com.br\/site\/wp-json\/wp\/v2\/posts\/8637","targetHints":{"allow":["GET"]}}],"collection":[{"href":"https:\/\/blogdodanielgalvao.com.br\/site\/wp-json\/wp\/v2\/posts"}],"about":[{"href":"https:\/\/blogdodanielgalvao.com.br\/site\/wp-json\/wp\/v2\/types\/post"}],"author":[{"embeddable":true,"href":"https:\/\/blogdodanielgalvao.com.br\/site\/wp-json\/wp\/v2\/users\/2"}],"replies":[{"embeddable":true,"href":"https:\/\/blogdodanielgalvao.com.br\/site\/wp-json\/wp\/v2\/comments?post=8637"}],"version-history":[{"count":1,"href":"https:\/\/blogdodanielgalvao.com.br\/site\/wp-json\/wp\/v2\/posts\/8637\/revisions"}],"predecessor-version":[{"id":8639,"href":"https:\/\/blogdodanielgalvao.com.br\/site\/wp-json\/wp\/v2\/posts\/8637\/revisions\/8639"}],"wp:featuredmedia":[{"embeddable":true,"href":"https:\/\/blogdodanielgalvao.com.br\/site\/wp-json\/wp\/v2\/media\/8638"}],"wp:attachment":[{"href":"https:\/\/blogdodanielgalvao.com.br\/site\/wp-json\/wp\/v2\/media?parent=8637"}],"wp:term":[{"taxonomy":"category","embeddable":true,"href":"https:\/\/blogdodanielgalvao.com.br\/site\/wp-json\/wp\/v2\/categories?post=8637"},{"taxonomy":"post_tag","embeddable":true,"href":"https:\/\/blogdodanielgalvao.com.br\/site\/wp-json\/wp\/v2\/tags?post=8637"}],"curies":[{"name":"wp","href":"https:\/\/api.w.org\/{rel}","templated":true}]}}