{"id":8629,"date":"2023-05-11T16:33:26","date_gmt":"2023-05-11T19:33:26","guid":{"rendered":"http:\/\/blogdodanielgalvao.com.br\/site\/?p=8629"},"modified":"2023-05-11T16:33:26","modified_gmt":"2023-05-11T19:33:26","slug":"servidores-da-camara-de-buzios-participam-do-programa-tce-presente","status":"publish","type":"post","link":"https:\/\/blogdodanielgalvao.com.br\/site\/servidores-da-camara-de-buzios-participam-do-programa-tce-presente\/","title":{"rendered":"Servidores da C\u00e2mara de B\u00fazios Participam do Programa \u201cTCE Presente\u201d"},"content":{"rendered":"<p>Tr\u00eas servidores da C\u00e2mara Municipal de B\u00fazios participaram do Programa \u201cTCE Presente\u201d, realizado pelo Tribunal de Contas do Estado do Rio de Janeiro na \u00faltima quinta-feira (4) em Maca\u00e9. O polo da Regi\u00e3o dos Lagos abrange 17 munic\u00edpios e \u00e9 o segundo contemplado do projeto.<\/p>\n<p>Voltado para gestores e servidores p\u00fablicos, o programa tem o objetivo de fornecer orienta\u00e7\u00f5es para uma gest\u00e3o efetiva e apresentar as principais atividades do Tribunal de Contas, a fim de estimular o aprimoramento da gest\u00e3o p\u00fablica e a amplia\u00e7\u00e3o da transpar\u00eancia e do controle social.<\/p>\n<p>Os temas das palestras foram \u201cO TCE-RJ e o Di\u00e1logo Interinstitucional com os Munic\u00edpios\u201d; \u201cO Papel dos Tribunais de Contas\u201d; \u201cControle Externo por Pol\u00edticas P\u00fablicas\u201d e \u201cA Nova Lei de Licita\u00e7\u00f5es e o Tratamento Dispensado \u00e0s Micro e Pequenas Empresas nas Contrata\u00e7\u00f5es P\u00fablicas\u201d.<\/p>\n<p>Para o chefe de gabinete da C\u00e2mara de B\u00fazios Patrick Lopes,\u00a0<i>\u201cO tribunal de Contas \u00e9 um parceiro para uma gest\u00e3o de qualidade.\u201d<\/i><\/p>\n<p>Tamb\u00e9m participaram do evento o controlador Gustavo Ernandes e o assessor parlamentar e presidente da Comiss\u00e3o da Implanta\u00e7\u00e3o da Nova Lei de Licita\u00e7\u00f5es Gustavo Adolfo.<\/p>\n","protected":false},"excerpt":{"rendered":"<p>Tr\u00eas servidores da C\u00e2mara Municipal de B\u00fazios participaram do Programa \u201cTCE Presente\u201d, realizado pelo Tribunal de Contas do Estado do Rio de Janeiro na \u00faltima quinta-feira (4) em Maca\u00e9. O polo da Regi\u00e3o dos Lagos abrange 17 munic\u00edpios e \u00e9 o segundo contemplado do projeto. Voltado para gestores e servidores p\u00fablicos, o programa tem o [&hellip;]<\/p>\n","protected":false},"author":2,"featured_media":8630,"comment_status":"open","ping_status":"open","sticky":false,"template":"","format":"standard","meta":{"footnotes":""},"categories":[824],"tags":[],"class_list":["post-8629","post","type-post","status-publish","format-standard","has-post-thumbnail","hentry","category-buzios"],"_links":{"self":[{"href":"https:\/\/blogdodanielgalvao.com.br\/site\/wp-json\/wp\/v2\/posts\/8629","targetHints":{"allow":["GET"]}}],"collection":[{"href":"https:\/\/blogdodanielgalvao.com.br\/site\/wp-json\/wp\/v2\/posts"}],"about":[{"href":"https:\/\/blogdodanielgalvao.com.br\/site\/wp-json\/wp\/v2\/types\/post"}],"author":[{"embeddable":true,"href":"https:\/\/blogdodanielgalvao.com.br\/site\/wp-json\/wp\/v2\/users\/2"}],"replies":[{"embeddable":true,"href":"https:\/\/blogdodanielgalvao.com.br\/site\/wp-json\/wp\/v2\/comments?post=8629"}],"version-history":[{"count":1,"href":"https:\/\/blogdodanielgalvao.com.br\/site\/wp-json\/wp\/v2\/posts\/8629\/revisions"}],"predecessor-version":[{"id":8631,"href":"https:\/\/blogdodanielgalvao.com.br\/site\/wp-json\/wp\/v2\/posts\/8629\/revisions\/8631"}],"wp:featuredmedia":[{"embeddable":true,"href":"https:\/\/blogdodanielgalvao.com.br\/site\/wp-json\/wp\/v2\/media\/8630"}],"wp:attachment":[{"href":"https:\/\/blogdodanielgalvao.com.br\/site\/wp-json\/wp\/v2\/media?parent=8629"}],"wp:term":[{"taxonomy":"category","embeddable":true,"href":"https:\/\/blogdodanielgalvao.com.br\/site\/wp-json\/wp\/v2\/categories?post=8629"},{"taxonomy":"post_tag","embeddable":true,"href":"https:\/\/blogdodanielgalvao.com.br\/site\/wp-json\/wp\/v2\/tags?post=8629"}],"curies":[{"name":"wp","href":"https:\/\/api.w.org\/{rel}","templated":true}]}}