{"id":8625,"date":"2023-05-10T09:03:37","date_gmt":"2023-05-10T12:03:37","guid":{"rendered":"http:\/\/blogdodanielgalvao.com.br\/site\/?p=8625"},"modified":"2023-05-10T09:03:37","modified_gmt":"2023-05-10T12:03:37","slug":"wladimir-anuncia-parcerias-com-empresa-do-porto-do-acu-para-emprego-e-cultura","status":"publish","type":"post","link":"https:\/\/blogdodanielgalvao.com.br\/site\/wladimir-anuncia-parcerias-com-empresa-do-porto-do-acu-para-emprego-e-cultura\/","title":{"rendered":"Wladimir anuncia parcerias com empresa do Porto do A\u00e7u para emprego e cultura"},"content":{"rendered":"<p>Em visita ao Porto do A\u00e7u, nesta ter\u00e7a-feira (09), onde est\u00e1 tratando de v\u00e1rios temas ligados ao munic\u00edpio de Campos, como empregabilidade e qualifica\u00e7\u00e3o profissional, o Prefeito Wladimir Garotinho informou que a Ferroport, empresa que opera no Porto, demostrou interesse em ajudar a prefeitura de Campos na restaura\u00e7\u00e3o o Solar dos Airizes, pr\u00e9dio hist\u00f3rico localizado na BR-356, estrada que liga Campos a S\u00e3o Jo\u00e3o da Barra.<\/p>\n<p>&#8211; Foi uma reuni\u00e3o muito boa, muito produtiva. Estamos fazendo um grupo de trabalho para colocar, de fato, no papel, qual \u00e9 o projeto e suas etapas para nos ajudarem, atrav\u00e9s da Lei de Incentivo \u00e0 Cultura, com o Imposto de Renda da empresa, para restaurar aquele equipamento t\u00e3o importante que, no futuro, ser\u00e1 o Museu da Energia, do A\u00e7\u00facar, da Cana e do Petr\u00f3leo &#8211; disse o prefeito.<\/p>\n<p>Wladimir Garotinho e comitiva foram recebidos pelo CEO da Ferroport, Carsten Bonsselmann, e pelo gerente de opera\u00e7\u00f5es, Charles Serique. No audit\u00f3rio do Centro de Visitantes da Prumo Log\u00edstica (empresa que administra o Porto do A\u00e7u), Wladimir Garotinho e comitiva assistiram \u00e0 apresenta\u00e7\u00e3o da empresa, suas atividades e futuros projetos com potencial de gera\u00e7\u00e3o de empregos.<\/p>\n<p>O prefeito j\u00e1 informou aos dirigentes da Ferroport sobre as medidas que est\u00e3o sendo adotadas pela Prefeitura de Campos para fomentar o desenvolvimento, aliado \u00e0 atra\u00e7\u00e3o de ind\u00fastrias. \u201cEstamos em entendimento com o Governo do Estado para criar o Segundo Distrito Industrial em Travess\u00e3o de Campos e, tamb\u00e9m, Zona Especial de Neg\u00f3cios (ZEN) na Baixada Campista, em localiza\u00e7\u00e3o estrat\u00e9gica para a interface das ind\u00fastrias com o Porto\u201d, anunciou Wladimir Garotinho.<\/p>\n<p>Ap\u00f3s a apresenta\u00e7\u00e3o da empresa e assinatura dos termos de coopera\u00e7\u00e3o no Centro de Visitantes, o Prefeito, o secret\u00e1rio Municipal de Desenvolvimento Econ\u00f4mico, Mauro Silva, e a presidente da Funda\u00e7\u00e3o Cultural Jornalista Oswaldo Lima, Maria Auxiliadora Freitas, visitaram o Terminal de Opera\u00e7\u00f5es da Ferroport em companhia de Carsten Bonsselmann, Charles Serique e diretores da empresa.<\/p>\n<p>Presentes ainda o Secret\u00e1rio Municipal de Obras e Infraestrutura, F\u00e1bio Ribeiro; o Procurador Geral do Munic\u00edpio, Roberto Landes; o seu chefe de Gabinete, procurador Luiz Francisco Boechat; o chefe de gabinete do prefeito, Thiago Ferrugem; al\u00e9m do assessor de gabinete, Eduardo Crespo. O prefeito Wladimir Garotinho est\u00e1 a convite da Empresa Ferroport, em visita ao Porto do A\u00e7u, acompanhado da equipe das \u00e1reas do Desenvolvimento Econ\u00f4mico e da Cultura do Munic\u00edpio. Durante a visita foram assinados termos de parceria entre a Prefeitura de Campos e a Ferroport, voltados \u00e0 promo\u00e7\u00e3o da empregabilidade e desenvolvimento de projetos na \u00e1rea cultural.<\/p>\n","protected":false},"excerpt":{"rendered":"<p>Em visita ao Porto do A\u00e7u, nesta ter\u00e7a-feira (09), onde est\u00e1 tratando de v\u00e1rios temas ligados ao munic\u00edpio de Campos, como empregabilidade e qualifica\u00e7\u00e3o profissional, o Prefeito Wladimir Garotinho informou que a Ferroport, empresa que opera no Porto, demostrou interesse em ajudar a prefeitura de Campos na restaura\u00e7\u00e3o o Solar dos Airizes, pr\u00e9dio hist\u00f3rico localizado [&hellip;]<\/p>\n","protected":false},"author":2,"featured_media":8626,"comment_status":"open","ping_status":"open","sticky":false,"template":"","format":"standard","meta":{"footnotes":""},"categories":[3],"tags":[],"class_list":["post-8625","post","type-post","status-publish","format-standard","has-post-thumbnail","hentry","category-campos"],"_links":{"self":[{"href":"https:\/\/blogdodanielgalvao.com.br\/site\/wp-json\/wp\/v2\/posts\/8625","targetHints":{"allow":["GET"]}}],"collection":[{"href":"https:\/\/blogdodanielgalvao.com.br\/site\/wp-json\/wp\/v2\/posts"}],"about":[{"href":"https:\/\/blogdodanielgalvao.com.br\/site\/wp-json\/wp\/v2\/types\/post"}],"author":[{"embeddable":true,"href":"https:\/\/blogdodanielgalvao.com.br\/site\/wp-json\/wp\/v2\/users\/2"}],"replies":[{"embeddable":true,"href":"https:\/\/blogdodanielgalvao.com.br\/site\/wp-json\/wp\/v2\/comments?post=8625"}],"version-history":[{"count":1,"href":"https:\/\/blogdodanielgalvao.com.br\/site\/wp-json\/wp\/v2\/posts\/8625\/revisions"}],"predecessor-version":[{"id":8627,"href":"https:\/\/blogdodanielgalvao.com.br\/site\/wp-json\/wp\/v2\/posts\/8625\/revisions\/8627"}],"wp:featuredmedia":[{"embeddable":true,"href":"https:\/\/blogdodanielgalvao.com.br\/site\/wp-json\/wp\/v2\/media\/8626"}],"wp:attachment":[{"href":"https:\/\/blogdodanielgalvao.com.br\/site\/wp-json\/wp\/v2\/media?parent=8625"}],"wp:term":[{"taxonomy":"category","embeddable":true,"href":"https:\/\/blogdodanielgalvao.com.br\/site\/wp-json\/wp\/v2\/categories?post=8625"},{"taxonomy":"post_tag","embeddable":true,"href":"https:\/\/blogdodanielgalvao.com.br\/site\/wp-json\/wp\/v2\/tags?post=8625"}],"curies":[{"name":"wp","href":"https:\/\/api.w.org\/{rel}","templated":true}]}}