{"id":8044,"date":"2023-01-11T19:25:47","date_gmt":"2023-01-11T22:25:47","guid":{"rendered":"http:\/\/blogdodanielgalvao.com.br\/site\/?p=8044"},"modified":"2023-01-11T19:32:59","modified_gmt":"2023-01-11T22:32:59","slug":"presidente-do-conselho-de-turismo-da-costa-do-sol-destaca-desafios-do-setor-seguranca-e-conectividade","status":"publish","type":"post","link":"https:\/\/blogdodanielgalvao.com.br\/site\/presidente-do-conselho-de-turismo-da-costa-do-sol-destaca-desafios-do-setor-seguranca-e-conectividade\/","title":{"rendered":"Presidente do Conselho de Turismo da Costa do Sol destaca desafios do setor: seguran\u00e7a e conectividade"},"content":{"rendered":"<p class=\"p1\"><span class=\"s1\">Em entrevista ao programa Rio em Foco, da Assembleia Legislativa do Rio de Janeiro (Alerj), o presidente do Conselho de Turismo da Costa do Sol (Condetur), Marco Navega, destacou a retomada do setor p\u00f3s-pandemia e enfatizou a import\u00e2ncia do interior do Estado como destino tur\u00edstico no Brasil. <\/span><\/p>\n<p class=\"p1\"><span class=\"s1\">Navega elencou a\u00e7\u00f5es importantes do Poder P\u00fablico, como a aprova\u00e7\u00e3o da Lei 6.026\/2022, que instituiu a Pol\u00edtica Estadual de Turismo, para o novo momento do setor. Contudo, de acordo com ele, alguns desafios ainda persistem como entraves ao desenvolvimento do Turismo no interior do Rio de Janeiro, como seguran\u00e7a e conectividade. <\/span><\/p>\n<p class=\"p1\"><span class=\"s1\">\u201cO interior do Rio \u00e9, sim, um dos maiores potenciais do Turismo do nosso pa\u00eds. Mais de 40% dos visitantes internacionais que desembarcam no Brasil, v\u00eam primeiro ao Rio de Janeiro. Mas ainda temos problemas, que est\u00e3o sendo solucionados, na seguran\u00e7a e conectividade\u201d, disse. <\/span><\/p>\n<p class=\"p1\"><span class=\"s1\">Confira a entrevista completa de Marco Navega neste <a href=\"https:\/\/youtu.be\/ZeHOgsz1jC0\">link<\/a>!<\/span><\/p>\n<p><img loading=\"lazy\" decoding=\"async\" class=\"alignnone size-full wp-image-8045\" src=\"https:\/\/blogdodanielgalvao.com.br\/site\/wp-content\/uploads\/2023\/01\/0EBF95B8-13A3-4DF6-B460-D9C62F201143.jpeg\" alt=\"\" width=\"1280\" height=\"445\" srcset=\"https:\/\/blogdodanielgalvao.com.br\/site\/wp-content\/uploads\/2023\/01\/0EBF95B8-13A3-4DF6-B460-D9C62F201143.jpeg 1280w, https:\/\/blogdodanielgalvao.com.br\/site\/wp-content\/uploads\/2023\/01\/0EBF95B8-13A3-4DF6-B460-D9C62F201143-300x104.jpeg 300w, https:\/\/blogdodanielgalvao.com.br\/site\/wp-content\/uploads\/2023\/01\/0EBF95B8-13A3-4DF6-B460-D9C62F201143-768x267.jpeg 768w, https:\/\/blogdodanielgalvao.com.br\/site\/wp-content\/uploads\/2023\/01\/0EBF95B8-13A3-4DF6-B460-D9C62F201143-1024x356.jpeg 1024w, https:\/\/blogdodanielgalvao.com.br\/site\/wp-content\/uploads\/2023\/01\/0EBF95B8-13A3-4DF6-B460-D9C62F201143-50x17.jpeg 50w, https:\/\/blogdodanielgalvao.com.br\/site\/wp-content\/uploads\/2023\/01\/0EBF95B8-13A3-4DF6-B460-D9C62F201143-710x247.jpeg 710w\" sizes=\"auto, (max-width: 1280px) 100vw, 1280px\" \/><\/p>\n","protected":false},"excerpt":{"rendered":"<p>Em entrevista ao programa Rio em Foco, da Assembleia Legislativa do Rio de Janeiro (Alerj), o presidente do Conselho de Turismo da Costa do Sol (Condetur), Marco Navega, destacou a retomada do setor p\u00f3s-pandemia e enfatizou a import\u00e2ncia do interior do Estado como destino tur\u00edstico no Brasil. Navega elencou a\u00e7\u00f5es importantes do Poder P\u00fablico, como [&hellip;]<\/p>\n","protected":false},"author":2,"featured_media":8049,"comment_status":"open","ping_status":"open","sticky":false,"template":"","format":"standard","meta":{"footnotes":""},"categories":[9],"tags":[1845,921],"class_list":["post-8044","post","type-post","status-publish","format-standard","has-post-thumbnail","hentry","category-estado","tag-condetur","tag-navega"],"_links":{"self":[{"href":"https:\/\/blogdodanielgalvao.com.br\/site\/wp-json\/wp\/v2\/posts\/8044","targetHints":{"allow":["GET"]}}],"collection":[{"href":"https:\/\/blogdodanielgalvao.com.br\/site\/wp-json\/wp\/v2\/posts"}],"about":[{"href":"https:\/\/blogdodanielgalvao.com.br\/site\/wp-json\/wp\/v2\/types\/post"}],"author":[{"embeddable":true,"href":"https:\/\/blogdodanielgalvao.com.br\/site\/wp-json\/wp\/v2\/users\/2"}],"replies":[{"embeddable":true,"href":"https:\/\/blogdodanielgalvao.com.br\/site\/wp-json\/wp\/v2\/comments?post=8044"}],"version-history":[{"count":4,"href":"https:\/\/blogdodanielgalvao.com.br\/site\/wp-json\/wp\/v2\/posts\/8044\/revisions"}],"predecessor-version":[{"id":8050,"href":"https:\/\/blogdodanielgalvao.com.br\/site\/wp-json\/wp\/v2\/posts\/8044\/revisions\/8050"}],"wp:featuredmedia":[{"embeddable":true,"href":"https:\/\/blogdodanielgalvao.com.br\/site\/wp-json\/wp\/v2\/media\/8049"}],"wp:attachment":[{"href":"https:\/\/blogdodanielgalvao.com.br\/site\/wp-json\/wp\/v2\/media?parent=8044"}],"wp:term":[{"taxonomy":"category","embeddable":true,"href":"https:\/\/blogdodanielgalvao.com.br\/site\/wp-json\/wp\/v2\/categories?post=8044"},{"taxonomy":"post_tag","embeddable":true,"href":"https:\/\/blogdodanielgalvao.com.br\/site\/wp-json\/wp\/v2\/tags?post=8044"}],"curies":[{"name":"wp","href":"https:\/\/api.w.org\/{rel}","templated":true}]}}