{"id":7506,"date":"2022-08-24T09:21:15","date_gmt":"2022-08-24T12:21:15","guid":{"rendered":"http:\/\/blogdodanielgalvao.com.br\/site\/?p=7506"},"modified":"2022-08-24T09:24:04","modified_gmt":"2022-08-24T12:24:04","slug":"rio-construcao-firjan-lanca-projeto-de-fomento-ao-setor-em-evento-com-mais-de-150-empresarios","status":"publish","type":"post","link":"https:\/\/blogdodanielgalvao.com.br\/site\/rio-construcao-firjan-lanca-projeto-de-fomento-ao-setor-em-evento-com-mais-de-150-empresarios\/","title":{"rendered":"\u2018Rio Constru\u00e7\u00e3o\u2019: Firjan lan\u00e7a projeto de fomento ao setor em evento com mais de 150 empres\u00e1rios"},"content":{"rendered":"<p class=\"p1\"><span class=\"s1\">Nesta ter\u00e7a-feira, 23, a Firjan lan\u00e7ou no 1\u00ba Encontro da Ind\u00fastria da Constru\u00e7\u00e3o do Rio de Janeiro, em sua sede, o projeto \u2018Rio Constru\u00e7\u00e3o\u2019.<span class=\"Apple-converted-space\">\u00a0 <\/span>A iniciativa, elaborada com a contribui\u00e7\u00e3o de empres\u00e1rios e sindicatos empresariais relacionados, prev\u00ea um conjunto de a\u00e7\u00f5es que visa fomentar toda a cadeia produtiva do setor.<\/span><\/p>\n<p class=\"p1\"><span class=\"s1\">&#8220;O futuro do Brasil inexoravelmente est\u00e1 ligado ao avan\u00e7o da ind\u00fastria da Constru\u00e7\u00e3o&#8221;, enfatizou o presidente <\/span><span class=\"s2\">da Firjan, Eduardo Eugenio Gouv\u00eaa Vieira, <\/span><span class=\"s1\">para os mais de 150 empres\u00e1rios da constru\u00e7\u00e3o civil fluminense reunidos no evento.\u00a0<\/span><\/p>\n<p class=\"p1\"><span class=\"s1\">O projeto est\u00e1 distribu\u00eddo num portf\u00f3lio de servi\u00e7os moldados de acordo com as demandas espec\u00edficas do setor. Entre as 23 a\u00e7\u00f5es oferecidas, destacam-se orienta\u00e7\u00e3o para acesso ao cr\u00e9dito, estudos econ\u00f4micos, capacita\u00e7\u00e3o profissional de m\u00e3o de obra, promo\u00e7\u00e3o da sa\u00fade, entre outras iniciativas, que podem ser acessadas no link: <a href=\"https:\/\/www.firjan.com.br\/o-sistema-firjan\/setores-de-atuacao\/construcao.htm\"><span class=\"s3\">firjan.com.br\/constru\u00e7\u00e3o<\/span><\/a>.<\/span><\/p>\n<p class=\"p1\"><span class=\"s1\">\u201cA demanda interna \u00e9 gigante. Temos todas as mat\u00e9rias-primas necess\u00e1rias aqui dentro de nossas fronteiras, temos o talento de voc\u00eas, de suas empresas e de suas equipes. O Projeto Rio Constru\u00e7\u00e3o vai ajudar na produtividade\u201d, continuou Gouv\u00eaa.<\/span><\/p>\n","protected":false},"excerpt":{"rendered":"<p>Nesta ter\u00e7a-feira, 23, a Firjan lan\u00e7ou no 1\u00ba Encontro da Ind\u00fastria da Constru\u00e7\u00e3o do Rio de Janeiro, em sua sede, o projeto \u2018Rio Constru\u00e7\u00e3o\u2019.\u00a0 A iniciativa, elaborada com a contribui\u00e7\u00e3o de empres\u00e1rios e sindicatos empresariais relacionados, prev\u00ea um conjunto de a\u00e7\u00f5es que visa fomentar toda a cadeia produtiva do setor. &#8220;O futuro do Brasil inexoravelmente [&hellip;]<\/p>\n","protected":false},"author":2,"featured_media":7509,"comment_status":"open","ping_status":"open","sticky":false,"template":"","format":"standard","meta":{"footnotes":""},"categories":[9],"tags":[1783,936,1784],"class_list":["post-7506","post","type-post","status-publish","format-standard","has-post-thumbnail","hentry","category-estado","tag-construcao-civil","tag-firjan","tag-rio-construcao"],"_links":{"self":[{"href":"https:\/\/blogdodanielgalvao.com.br\/site\/wp-json\/wp\/v2\/posts\/7506","targetHints":{"allow":["GET"]}}],"collection":[{"href":"https:\/\/blogdodanielgalvao.com.br\/site\/wp-json\/wp\/v2\/posts"}],"about":[{"href":"https:\/\/blogdodanielgalvao.com.br\/site\/wp-json\/wp\/v2\/types\/post"}],"author":[{"embeddable":true,"href":"https:\/\/blogdodanielgalvao.com.br\/site\/wp-json\/wp\/v2\/users\/2"}],"replies":[{"embeddable":true,"href":"https:\/\/blogdodanielgalvao.com.br\/site\/wp-json\/wp\/v2\/comments?post=7506"}],"version-history":[{"count":1,"href":"https:\/\/blogdodanielgalvao.com.br\/site\/wp-json\/wp\/v2\/posts\/7506\/revisions"}],"predecessor-version":[{"id":7508,"href":"https:\/\/blogdodanielgalvao.com.br\/site\/wp-json\/wp\/v2\/posts\/7506\/revisions\/7508"}],"wp:featuredmedia":[{"embeddable":true,"href":"https:\/\/blogdodanielgalvao.com.br\/site\/wp-json\/wp\/v2\/media\/7509"}],"wp:attachment":[{"href":"https:\/\/blogdodanielgalvao.com.br\/site\/wp-json\/wp\/v2\/media?parent=7506"}],"wp:term":[{"taxonomy":"category","embeddable":true,"href":"https:\/\/blogdodanielgalvao.com.br\/site\/wp-json\/wp\/v2\/categories?post=7506"},{"taxonomy":"post_tag","embeddable":true,"href":"https:\/\/blogdodanielgalvao.com.br\/site\/wp-json\/wp\/v2\/tags?post=7506"}],"curies":[{"name":"wp","href":"https:\/\/api.w.org\/{rel}","templated":true}]}}