{"id":7423,"date":"2022-08-05T10:02:00","date_gmt":"2022-08-05T13:02:00","guid":{"rendered":"http:\/\/blogdodanielgalvao.com.br\/site\/?p=7423"},"modified":"2022-08-05T10:02:00","modified_gmt":"2022-08-05T13:02:00","slug":"campos-wladimir-garotinho-recebe-propostas-de-desenvolvimento-da-firjan-norte-fluminense","status":"publish","type":"post","link":"https:\/\/blogdodanielgalvao.com.br\/site\/campos-wladimir-garotinho-recebe-propostas-de-desenvolvimento-da-firjan-norte-fluminense\/","title":{"rendered":"Campos: Wladimir Garotinho recebe propostas de desenvolvimento da Firjan Norte Fluminense"},"content":{"rendered":"<p class=\"p1\"><span class=\"s1\">Durante o lan\u00e7amento da Feira de Oportunidades realizado ontem, 4, no audit\u00f3rio da Firjan Norte Fluminense, o presidente da regional, Francisco Roberto de Siqueira, entregou ao prefeito de Campos, Wladimir Garotinho (PSD), o caderno \u201cAgendas regionais com os munic\u00edpios: Norte Fluminense 2021-2024\u201d. O estudo re\u00fane os principais gargalos econ\u00f4micos e as respectivas solu\u00e7\u00f5es em prol do desenvolvimento regional, e foi elaborado pelo corpo t\u00e9cnico da Firjan ao lado de empres\u00e1rios conselheiros da federa\u00e7\u00e3o.<\/span><\/p>\n<p class=\"p1\"><span class=\"s1\">\u201cEsta agenda re\u00fane oito grandes temas de fundamental import\u00e2ncia para o desenvolvimento econ\u00f4mico e social de Campos. J\u00e1 fizemos a mesma entrega a outras cidades da regi\u00e3o, pois acreditamos que apenas projetos integrados ser\u00e3o capazes de elevar o patamar que a nossa regi\u00e3o merece\u201d, destacou o presidente da Firjan Norte Fluminense.<\/p>\n<p><\/span><\/p>\n<p><a href=\"https:\/\/blogdodanielgalvao.com.br\/site\/campos-wladimir-garotinho-recebe-propostas-de-desenvolvimento-da-firjan-norte-fluminense\/050b8342-82f5-449f-b70d-936bc12179b6\/\" rel=\"attachment wp-att-7424\"><img loading=\"lazy\" decoding=\"async\" class=\"alignnone size-full wp-image-7424\" src=\"https:\/\/blogdodanielgalvao.com.br\/site\/wp-content\/uploads\/2022\/08\/050B8342-82F5-449F-B70D-936BC12179B6.jpeg\" alt=\"\" width=\"641\" height=\"500\" srcset=\"https:\/\/blogdodanielgalvao.com.br\/site\/wp-content\/uploads\/2022\/08\/050B8342-82F5-449F-B70D-936BC12179B6.jpeg 641w, https:\/\/blogdodanielgalvao.com.br\/site\/wp-content\/uploads\/2022\/08\/050B8342-82F5-449F-B70D-936BC12179B6-300x234.jpeg 300w, https:\/\/blogdodanielgalvao.com.br\/site\/wp-content\/uploads\/2022\/08\/050B8342-82F5-449F-B70D-936BC12179B6-50x39.jpeg 50w\" sizes=\"auto, (max-width: 641px) 100vw, 641px\" \/><\/a><\/p>\n<p class=\"p1\"><span class=\"s1\">O caderno j\u00e1 foi entregue pessoalmente tamb\u00e9m aos prefeitos de Cardoso Moreira, S\u00e3o Jo\u00e3o da Barra, Maca\u00e9 e Quissam\u00e3. Dividido em temas como log\u00edstica e mobilidade urbana, infraestrutura de energia e g\u00e1s natural, o estudo re\u00fane 31 propostas. Entre elas est\u00e3o: barramento do rio Para\u00edba do Sul, constru\u00e7\u00e3o de reservat\u00f3rios e cisternas para aumentar o volume de \u00e1gua destinada ao uso industrial; incentivos aos polos de inova\u00e7\u00e3o para atrair novas ind\u00fastrias; intensifica\u00e7\u00e3o da interlocu\u00e7\u00e3o junto aos governos estadual e federal por melhorias na BR-101 e da BR-356; entre outros temas.<\/span><\/p>\n","protected":false},"excerpt":{"rendered":"<p>Durante o lan\u00e7amento da Feira de Oportunidades realizado ontem, 4, no audit\u00f3rio da Firjan Norte Fluminense, o presidente da regional, Francisco Roberto de Siqueira, entregou ao prefeito de Campos, Wladimir Garotinho (PSD), o caderno \u201cAgendas regionais com os munic\u00edpios: Norte Fluminense 2021-2024\u201d. O estudo re\u00fane os principais gargalos econ\u00f4micos e as respectivas solu\u00e7\u00f5es em prol [&hellip;]<\/p>\n","protected":false},"author":2,"featured_media":7425,"comment_status":"open","ping_status":"open","sticky":false,"template":"","format":"standard","meta":{"footnotes":""},"categories":[3],"tags":[1764,936,56,98],"class_list":["post-7423","post","type-post","status-publish","format-standard","has-post-thumbnail","hentry","category-campos","tag-cadernos","tag-firjan","tag-garotinho","tag-macae"],"_links":{"self":[{"href":"https:\/\/blogdodanielgalvao.com.br\/site\/wp-json\/wp\/v2\/posts\/7423","targetHints":{"allow":["GET"]}}],"collection":[{"href":"https:\/\/blogdodanielgalvao.com.br\/site\/wp-json\/wp\/v2\/posts"}],"about":[{"href":"https:\/\/blogdodanielgalvao.com.br\/site\/wp-json\/wp\/v2\/types\/post"}],"author":[{"embeddable":true,"href":"https:\/\/blogdodanielgalvao.com.br\/site\/wp-json\/wp\/v2\/users\/2"}],"replies":[{"embeddable":true,"href":"https:\/\/blogdodanielgalvao.com.br\/site\/wp-json\/wp\/v2\/comments?post=7423"}],"version-history":[{"count":2,"href":"https:\/\/blogdodanielgalvao.com.br\/site\/wp-json\/wp\/v2\/posts\/7423\/revisions"}],"predecessor-version":[{"id":7427,"href":"https:\/\/blogdodanielgalvao.com.br\/site\/wp-json\/wp\/v2\/posts\/7423\/revisions\/7427"}],"wp:featuredmedia":[{"embeddable":true,"href":"https:\/\/blogdodanielgalvao.com.br\/site\/wp-json\/wp\/v2\/media\/7425"}],"wp:attachment":[{"href":"https:\/\/blogdodanielgalvao.com.br\/site\/wp-json\/wp\/v2\/media?parent=7423"}],"wp:term":[{"taxonomy":"category","embeddable":true,"href":"https:\/\/blogdodanielgalvao.com.br\/site\/wp-json\/wp\/v2\/categories?post=7423"},{"taxonomy":"post_tag","embeddable":true,"href":"https:\/\/blogdodanielgalvao.com.br\/site\/wp-json\/wp\/v2\/tags?post=7423"}],"curies":[{"name":"wp","href":"https:\/\/api.w.org\/{rel}","templated":true}]}}