{"id":7385,"date":"2022-08-02T16:09:30","date_gmt":"2022-08-02T19:09:30","guid":{"rendered":"http:\/\/blogdodanielgalvao.com.br\/site\/?p=7385"},"modified":"2022-08-02T16:10:58","modified_gmt":"2022-08-02T19:10:58","slug":"macae-na-volta-do-recesso-parlamentar-vereadores-destacam-acertos-do-governo-e-sucesso-da-festa-agropecuaria","status":"publish","type":"post","link":"https:\/\/blogdodanielgalvao.com.br\/site\/macae-na-volta-do-recesso-parlamentar-vereadores-destacam-acertos-do-governo-e-sucesso-da-festa-agropecuaria\/","title":{"rendered":"Maca\u00e9: na volta do recesso parlamentar, vereadores destacam acertos do Governo e sucesso da festa agropecu\u00e1ria"},"content":{"rendered":"<p class=\"p1\"><span class=\"s1\">Nesta ter\u00e7a-feira, 2, a C\u00e2mara Municipal retomou suas sess\u00f5es legislativas. Entre projetos e indica\u00e7\u00f5es, destaque para os discursos feitos pelos parlamentares e que deram o tom politico para este segundo semestre de 2022 ao mostrar os vereadores mais alinhados com o Governo. <\/span><\/p>\n<p class=\"p1\"><span class=\"s1\">Luiz Matos (Republicanos), por exemplo, comparou a atual gest\u00e3o com a anterior e, de acordo com o parlamentar, em pouco mais de 1 ano e sete meses, \u2018j\u00e1 se fez mais que em 8 anos do Governo anterior\u2019. O vereador ainda fez quest\u00e3o de dizer que n\u00e3o \u00e9 um \u2018ator\u2019 pol\u00edtico, mas um leg\u00edtimo representante do povo. <\/span><\/p>\n<p class=\"p1\"><span class=\"s1\">Entre os elogios feitos ao prefeito, Welberth (Cidadania), pelo menos tr\u00eas secret\u00e1rios tamb\u00e9m foram muito bem avaliados pelos parlamentares: Dudu Jardim (Agroeconomia), Leandro Mussi (Cultura) e Leo Anderson (Turismo) tiveram as atua\u00e7\u00f5es destacadas em plen\u00e1rio. <\/span><\/p>\n<p class=\"p1\"><span class=\"s1\"><b>Presidente destaca a\u00e7\u00f5es <\/b><\/span><\/p>\n<p class=\"p1\"><span class=\"s1\">Cesinha (Pros), por exemplo, falou que ver a alegria estampada no rosto da popula\u00e7\u00e3o macaense ap\u00f3s a festa agropecu\u00e1ria que marcou as comemora\u00e7\u00f5es de 209 anos de Maca\u00e9, s\u00f3 contribuiu para aumentar ainda mais o otimismo para os pr\u00f3ximos dois anos e meio de mandato. <\/span><\/p>\n<p class=\"p1\"><span class=\"s1\">\u201c\u00c9 muito bom ver a conex\u00e3o entre os secret\u00e1rios e ouvir nas ruas as pessoas dizerem que voltaram a se interessar por pol\u00edtica porque tem visto, atrav\u00e9s da atua\u00e7\u00e3o dos 17 vereadores e do prefeito, as coisas voltarem a acontecer na cidade\u201d, argumentou o presidente do Legislativo.<\/span><\/p>\n<p><a href=\"https:\/\/blogdodanielgalvao.com.br\/site\/macae-na-volta-do-recesso-parlamentar-vereadores-destacam-acertos-do-governo-e-sucesso-da-festa-agropecuaria\/cfcc68fc-e573-401d-b0ca-2392cdc746ff\/\" rel=\"attachment wp-att-7386\"><img loading=\"lazy\" decoding=\"async\" class=\"alignnone size-full wp-image-7386\" src=\"https:\/\/blogdodanielgalvao.com.br\/site\/wp-content\/uploads\/2022\/08\/CFCC68FC-E573-401D-B0CA-2392CDC746FF.jpeg\" alt=\"\" width=\"1284\" height=\"723\" srcset=\"https:\/\/blogdodanielgalvao.com.br\/site\/wp-content\/uploads\/2022\/08\/CFCC68FC-E573-401D-B0CA-2392CDC746FF.jpeg 1284w, https:\/\/blogdodanielgalvao.com.br\/site\/wp-content\/uploads\/2022\/08\/CFCC68FC-E573-401D-B0CA-2392CDC746FF-300x169.jpeg 300w, https:\/\/blogdodanielgalvao.com.br\/site\/wp-content\/uploads\/2022\/08\/CFCC68FC-E573-401D-B0CA-2392CDC746FF-768x432.jpeg 768w, https:\/\/blogdodanielgalvao.com.br\/site\/wp-content\/uploads\/2022\/08\/CFCC68FC-E573-401D-B0CA-2392CDC746FF-1024x577.jpeg 1024w, https:\/\/blogdodanielgalvao.com.br\/site\/wp-content\/uploads\/2022\/08\/CFCC68FC-E573-401D-B0CA-2392CDC746FF-50x28.jpeg 50w, https:\/\/blogdodanielgalvao.com.br\/site\/wp-content\/uploads\/2022\/08\/CFCC68FC-E573-401D-B0CA-2392CDC746FF-710x400.jpeg 710w\" sizes=\"auto, (max-width: 1284px) 100vw, 1284px\" \/><\/a><\/p>\n<p class=\"p1\"><span class=\"s1\">A entrega de obras e espa\u00e7os p\u00fablicos reformados pela Prefeitura nos \u00faltimos meses tamb\u00e9m mereceu destaque nos discursos. Tico Jardim (Pros), por exemplo, enfatizou que \u00e9 not\u00f3rio ver a esperan\u00e7a de volta \u00e0 popula\u00e7\u00e3o. \u201cO prefeito tem levado dignidade \u00e0s pessoas. Sabemos que n\u00e3o \u00e9 no estalar de dedos que as coisas acontecem, mas o trabalho est\u00e1 sendo feito\u201d, resumiu. <\/span><\/p>\n<p class=\"p1\"><span class=\"s1\">O veterano George Jardim (PSDB) fez coro com os demais vereadores e parabenizou o Governo dizendo que o trabalho de Welberth tem feito os macaenses voltarem a sorrir. Ainda segundo o vereador, a festa na semana passada foi um marco. \u201cN\u00e3o foi apenas a reabertura do Parque de Exposi\u00e7\u00f5es ou o retorno da festa agropecu\u00e1ria, mas o reencontro das fam\u00edlias macaenses\u201d, disse. <\/span><\/p>\n<p class=\"p1\"><span class=\"s1\"><b>L\u00edder do Governo faz balan\u00e7o<\/b><\/span><\/p>\n<p class=\"p1\"><span class=\"s1\">Iza (Rede), Reginaldo do Hospital (Podemos) e Rondi Maca\u00e9 (Patriota) tamb\u00e9m elogiaram o Governo e a festa agropecu\u00e1ria. Contudo, coube ao l\u00edder do Governo na C\u00e2mara, Luciano Diniz (Cidadania), a an\u00e1lise mais detalhada do que ele mesmo classificou como \u2018momento diferente\u2019 que o munic\u00edpio est\u00e1 vivendo. <\/span><\/p>\n<p class=\"p1\"><span class=\"s1\">\u201cA entrega de todos estes equipamentos p\u00fablicos, como a reabertura do Parque de Exposi\u00e7\u00f5es, \u00e9 um resgate da cidade, das coisas do passado que tinham valor para os macaenses\u201d, disse, fazendo men\u00e7\u00e3o ainda da parceria entre Executivo e Legislativo para viabilizar o que tem sido realizado. <\/span><\/p>\n<p class=\"p1\"><span class=\"s1\">Diniz destacou a restaura\u00e7\u00e3o do Pal\u00e1cio Claudio Moacyr de Azevedo, antiga sede da C\u00e2mara e constru\u00e7\u00e3o datada de 1829, e o desfile c\u00edvico-militar em comemora\u00e7\u00e3o aos 209 anos da cidade, ocorrido numa Imbetiba totalmente lotada, como partes importantes deste contexto de reconstru\u00e7\u00e3o do munic\u00edpio.<\/span><\/p>\n<p><a href=\"https:\/\/blogdodanielgalvao.com.br\/site\/macae-na-volta-do-recesso-parlamentar-vereadores-destacam-acertos-do-governo-e-sucesso-da-festa-agropecuaria\/60a8cf19-b70a-4ce2-9e38-39d9c7bd986a\/\" rel=\"attachment wp-att-7387\"><img loading=\"lazy\" decoding=\"async\" class=\"alignnone size-full wp-image-7387\" src=\"https:\/\/blogdodanielgalvao.com.br\/site\/wp-content\/uploads\/2022\/08\/60A8CF19-B70A-4CE2-9E38-39D9C7BD986A.jpeg\" alt=\"\" width=\"1284\" height=\"723\" srcset=\"https:\/\/blogdodanielgalvao.com.br\/site\/wp-content\/uploads\/2022\/08\/60A8CF19-B70A-4CE2-9E38-39D9C7BD986A.jpeg 1284w, https:\/\/blogdodanielgalvao.com.br\/site\/wp-content\/uploads\/2022\/08\/60A8CF19-B70A-4CE2-9E38-39D9C7BD986A-300x169.jpeg 300w, https:\/\/blogdodanielgalvao.com.br\/site\/wp-content\/uploads\/2022\/08\/60A8CF19-B70A-4CE2-9E38-39D9C7BD986A-768x432.jpeg 768w, https:\/\/blogdodanielgalvao.com.br\/site\/wp-content\/uploads\/2022\/08\/60A8CF19-B70A-4CE2-9E38-39D9C7BD986A-1024x577.jpeg 1024w, https:\/\/blogdodanielgalvao.com.br\/site\/wp-content\/uploads\/2022\/08\/60A8CF19-B70A-4CE2-9E38-39D9C7BD986A-50x28.jpeg 50w, https:\/\/blogdodanielgalvao.com.br\/site\/wp-content\/uploads\/2022\/08\/60A8CF19-B70A-4CE2-9E38-39D9C7BD986A-710x400.jpeg 710w\" sizes=\"auto, (max-width: 1284px) 100vw, 1284px\" \/><\/a><\/p>\n<p class=\"p1\"><span class=\"s1\">\u201cQuero destacar que o trabalho do prefeito tem sido fundamental para o resgate desta Maca\u00e9 e como tudo isso tem feito bem \u00e0 popula\u00e7\u00e3o. Tenho certeza que este segundo semestre ser\u00e1 t\u00e3o bom quanto o primeiro e para isso contamos com a parceria nesta Casa, em nossas frentes parlamentares e comiss\u00f5es, para dar celeridade aos projetos\u201d, concluiu Luciano. <\/span><\/p>\n","protected":false},"excerpt":{"rendered":"<p>Nesta ter\u00e7a-feira, 2, a C\u00e2mara Municipal retomou suas sess\u00f5es legislativas. Entre projetos e indica\u00e7\u00f5es, destaque para os discursos feitos pelos parlamentares e que deram o tom politico para este segundo semestre de 2022 ao mostrar os vereadores mais alinhados com o Governo. Luiz Matos (Republicanos), por exemplo, comparou a atual gest\u00e3o com a anterior e, [&hellip;]<\/p>\n","protected":false},"author":2,"featured_media":7391,"comment_status":"open","ping_status":"open","sticky":false,"template":"","format":"standard","meta":{"footnotes":""},"categories":[2],"tags":[608],"class_list":["post-7385","post","type-post","status-publish","format-standard","has-post-thumbnail","hentry","category-macae","tag-recesso-parlamentar"],"_links":{"self":[{"href":"https:\/\/blogdodanielgalvao.com.br\/site\/wp-json\/wp\/v2\/posts\/7385","targetHints":{"allow":["GET"]}}],"collection":[{"href":"https:\/\/blogdodanielgalvao.com.br\/site\/wp-json\/wp\/v2\/posts"}],"about":[{"href":"https:\/\/blogdodanielgalvao.com.br\/site\/wp-json\/wp\/v2\/types\/post"}],"author":[{"embeddable":true,"href":"https:\/\/blogdodanielgalvao.com.br\/site\/wp-json\/wp\/v2\/users\/2"}],"replies":[{"embeddable":true,"href":"https:\/\/blogdodanielgalvao.com.br\/site\/wp-json\/wp\/v2\/comments?post=7385"}],"version-history":[{"count":2,"href":"https:\/\/blogdodanielgalvao.com.br\/site\/wp-json\/wp\/v2\/posts\/7385\/revisions"}],"predecessor-version":[{"id":7390,"href":"https:\/\/blogdodanielgalvao.com.br\/site\/wp-json\/wp\/v2\/posts\/7385\/revisions\/7390"}],"wp:featuredmedia":[{"embeddable":true,"href":"https:\/\/blogdodanielgalvao.com.br\/site\/wp-json\/wp\/v2\/media\/7391"}],"wp:attachment":[{"href":"https:\/\/blogdodanielgalvao.com.br\/site\/wp-json\/wp\/v2\/media?parent=7385"}],"wp:term":[{"taxonomy":"category","embeddable":true,"href":"https:\/\/blogdodanielgalvao.com.br\/site\/wp-json\/wp\/v2\/categories?post=7385"},{"taxonomy":"post_tag","embeddable":true,"href":"https:\/\/blogdodanielgalvao.com.br\/site\/wp-json\/wp\/v2\/tags?post=7385"}],"curies":[{"name":"wp","href":"https:\/\/api.w.org\/{rel}","templated":true}]}}