{"id":7363,"date":"2022-07-29T12:51:12","date_gmt":"2022-07-29T15:51:12","guid":{"rendered":"http:\/\/blogdodanielgalvao.com.br\/site\/?p=7363"},"modified":"2022-07-29T12:56:03","modified_gmt":"2022-07-29T15:56:03","slug":"opiniao-o-resgate-do-orgulho-de-ser-macaense","status":"publish","type":"post","link":"https:\/\/blogdodanielgalvao.com.br\/site\/opiniao-o-resgate-do-orgulho-de-ser-macaense\/","title":{"rendered":"Opini\u00e3o: O resgate do orgulho de ser macaense!"},"content":{"rendered":"<p class=\"p1\"><span class=\"s1\">Definitivamente, ser macaense n\u00e3o \u00e9 privilegio apenas daqueles que nasceram em Maca\u00e9. Numa cidade plural, cosmopolita e pujante, que acolhe e abra\u00e7a a todos quantos fizeram dela seu endere\u00e7o e lar, chegar aos 209 anos neste 29 de Julho de 2022 seria por si s\u00f3 um marco. No entanto, neste momento da hist\u00f3ria do pa\u00eds e do munic\u00edpio, em especial, ainda mais. <\/span><\/p>\n<p class=\"p1\"><span class=\"s1\">Nas ruas e nos rostos \u00e9 poss\u00edvel perceber que os dias sombrios de abandono, persegui\u00e7\u00e3o e distanciamento ficaram para tr\u00e1s. Se por um lado os desafios ainda s\u00e3o muitos, heran\u00e7a de anos de insensibilidade, por outro os avan\u00e7os ineg\u00e1veis, ainda que em t\u00e3o pouco tempo, voltam a carimbar de esperan\u00e7a a manifesta\u00e7\u00e3o dos milhares de macaenses que se sentiam esquecidos. <\/span><\/p>\n<p class=\"p1\"><span class=\"s1\">Uma cidade rica em belezas e recursos naturais, mas ainda mais em cultura, hist\u00f3ria e povo, n\u00e3o podia mais continuar mendigando por a\u00e7\u00f5es e aten\u00e7\u00e3o de quem se prop\u00f4s a cuidar de tudo e todos com o mesmo afeto e traiu essa confian\u00e7a depositada. O di\u00e1logo, marca registrada para a resolu\u00e7\u00e3o de qualquer diferen\u00e7a, foi restabelecido e o acesso deixou de ser liberado apenas aos \u2018amigos do rei\u2019. <\/span><\/p>\n<p class=\"p1\"><span class=\"s1\">O trabalho s\u00f3 come\u00e7ou e ainda h\u00e1 muito o que fazer, \u00e9 verdade. As cobran\u00e7as n\u00e3o devem cessar e todo cidad\u00e3o precisa participar mais ativamente deste processo de reconstru\u00e7\u00e3o da cidade. Enfrentar e resolver problemas complexos precisam seguir norteando os pr\u00f3ximos anos para que a qualidade de vida que cada macaense merece seja alcan\u00e7ada. <\/span><\/p>\n<p class=\"p1\"><span class=\"s1\">Contudo, se a cada novo dia o passado vai ficando para tr\u00e1s e o futuro ainda \u00e9 um lugar que estamos construindo para chegar, celebremos, ent\u00e3o, o presente onde Maca\u00e9 come\u00e7a a ser conhecida nacionalmente n\u00e3o apenas como a Capital da Energia ou do Petr\u00f3leo, mas, sobretudo, como a Capital do Orgulho de ser Macaense!<\/span><\/p>\n<p class=\"p1\"><span class=\"s1\">Parab\u00e9ns, Maca\u00e9 &#8211; minha terra querida!<\/span><\/p>\n<p><a href=\"https:\/\/blogdodanielgalvao.com.br\/site\/opiniao-o-resgate-do-orgulho-de-ser-macaense\/17f700c2-b6db-4abf-9eef-fb190f6fcf84\/\" rel=\"attachment wp-att-7364\"><img loading=\"lazy\" decoding=\"async\" class=\"alignnone size-full wp-image-7364\" src=\"https:\/\/blogdodanielgalvao.com.br\/site\/wp-content\/uploads\/2022\/07\/17F700C2-B6DB-4ABF-9EEF-FB190F6FCF84.jpeg\" alt=\"\" width=\"1280\" height=\"853\" srcset=\"https:\/\/blogdodanielgalvao.com.br\/site\/wp-content\/uploads\/2022\/07\/17F700C2-B6DB-4ABF-9EEF-FB190F6FCF84.jpeg 1280w, https:\/\/blogdodanielgalvao.com.br\/site\/wp-content\/uploads\/2022\/07\/17F700C2-B6DB-4ABF-9EEF-FB190F6FCF84-300x200.jpeg 300w, https:\/\/blogdodanielgalvao.com.br\/site\/wp-content\/uploads\/2022\/07\/17F700C2-B6DB-4ABF-9EEF-FB190F6FCF84-768x512.jpeg 768w, https:\/\/blogdodanielgalvao.com.br\/site\/wp-content\/uploads\/2022\/07\/17F700C2-B6DB-4ABF-9EEF-FB190F6FCF84-1024x682.jpeg 1024w, https:\/\/blogdodanielgalvao.com.br\/site\/wp-content\/uploads\/2022\/07\/17F700C2-B6DB-4ABF-9EEF-FB190F6FCF84-50x33.jpeg 50w, https:\/\/blogdodanielgalvao.com.br\/site\/wp-content\/uploads\/2022\/07\/17F700C2-B6DB-4ABF-9EEF-FB190F6FCF84-270x180.jpeg 270w, https:\/\/blogdodanielgalvao.com.br\/site\/wp-content\/uploads\/2022\/07\/17F700C2-B6DB-4ABF-9EEF-FB190F6FCF84-710x473.jpeg 710w\" sizes=\"auto, (max-width: 1280px) 100vw, 1280px\" \/><\/a><\/p>\n","protected":false},"excerpt":{"rendered":"<p>Definitivamente, ser macaense n\u00e3o \u00e9 privilegio apenas daqueles que nasceram em Maca\u00e9. Numa cidade plural, cosmopolita e pujante, que acolhe e abra\u00e7a a todos quantos fizeram dela seu endere\u00e7o e lar, chegar aos 209 anos neste 29 de Julho de 2022 seria por si s\u00f3 um marco. No entanto, neste momento da hist\u00f3ria do pa\u00eds [&hellip;]<\/p>\n","protected":false},"author":2,"featured_media":7367,"comment_status":"open","ping_status":"open","sticky":false,"template":"","format":"standard","meta":{"footnotes":""},"categories":[2],"tags":[1756],"class_list":["post-7363","post","type-post","status-publish","format-standard","has-post-thumbnail","hentry","category-macae","tag-aniversario-de-macae"],"_links":{"self":[{"href":"https:\/\/blogdodanielgalvao.com.br\/site\/wp-json\/wp\/v2\/posts\/7363","targetHints":{"allow":["GET"]}}],"collection":[{"href":"https:\/\/blogdodanielgalvao.com.br\/site\/wp-json\/wp\/v2\/posts"}],"about":[{"href":"https:\/\/blogdodanielgalvao.com.br\/site\/wp-json\/wp\/v2\/types\/post"}],"author":[{"embeddable":true,"href":"https:\/\/blogdodanielgalvao.com.br\/site\/wp-json\/wp\/v2\/users\/2"}],"replies":[{"embeddable":true,"href":"https:\/\/blogdodanielgalvao.com.br\/site\/wp-json\/wp\/v2\/comments?post=7363"}],"version-history":[{"count":3,"href":"https:\/\/blogdodanielgalvao.com.br\/site\/wp-json\/wp\/v2\/posts\/7363\/revisions"}],"predecessor-version":[{"id":7369,"href":"https:\/\/blogdodanielgalvao.com.br\/site\/wp-json\/wp\/v2\/posts\/7363\/revisions\/7369"}],"wp:featuredmedia":[{"embeddable":true,"href":"https:\/\/blogdodanielgalvao.com.br\/site\/wp-json\/wp\/v2\/media\/7367"}],"wp:attachment":[{"href":"https:\/\/blogdodanielgalvao.com.br\/site\/wp-json\/wp\/v2\/media?parent=7363"}],"wp:term":[{"taxonomy":"category","embeddable":true,"href":"https:\/\/blogdodanielgalvao.com.br\/site\/wp-json\/wp\/v2\/categories?post=7363"},{"taxonomy":"post_tag","embeddable":true,"href":"https:\/\/blogdodanielgalvao.com.br\/site\/wp-json\/wp\/v2\/tags?post=7363"}],"curies":[{"name":"wp","href":"https:\/\/api.w.org\/{rel}","templated":true}]}}