{"id":7359,"date":"2022-07-29T12:39:19","date_gmt":"2022-07-29T15:39:19","guid":{"rendered":"http:\/\/blogdodanielgalvao.com.br\/site\/?p=7359"},"modified":"2022-07-29T12:41:13","modified_gmt":"2022-07-29T15:41:13","slug":"macae-welberth-destaca-trabalho-de-laterca-e-como-a-aplicacao-de-r-10-milhoes-em-emendas-ajudou-setores-como-saude-e-agricultura","status":"publish","type":"post","link":"https:\/\/blogdodanielgalvao.com.br\/site\/macae-welberth-destaca-trabalho-de-laterca-e-como-a-aplicacao-de-r-10-milhoes-em-emendas-ajudou-setores-como-saude-e-agricultura\/","title":{"rendered":"Maca\u00e9: Welberth destaca trabalho de Later\u00e7a e como a aplica\u00e7\u00e3o de R$ 10 milh\u00f5es em emendas ajudou setores como Sa\u00fade e Agricultura"},"content":{"rendered":"<p class=\"p1\"><span class=\"s1\">Em v\u00eddeo postado neste dia 29 de Julho, anivers\u00e1rio de Maca\u00e9, o prefeito, Welberth (Cidadania), aparece ao lado do deputado federal, Felicio Later\u00e7a (PP), destacando o trabalho do parlamentar em Brasilia que, at\u00e9 agora, resultou em mais de R$ 10 milh\u00f5es em emendas destinadas a \u00e1reas como Sa\u00fade e Agricultura do munic\u00edpio. <\/span><\/p>\n<p class=\"p1\"><span class=\"s1\">Welberth frisou que os recursos tamb\u00e9m contemplaram a Apae e os tr\u00eas Conselhos Tutelares de Maca\u00e9. \u201c\u00c9 muito importante contar com o trabalho de deputados como o Later\u00e7a, que est\u00e3o em Brasilia trabalhando pelo povo do Estado do Rio de Janeiro, e por isso nosso reconhecimento e agradecimento p\u00fablicos\u201d, disse. <\/span><\/p>\n<p class=\"p1\"><span class=\"s1\">Por sua vez, Later\u00e7a lembrou que desde 2018 ele e Welberth assumiram o desafio de disputar a elei\u00e7\u00e3o de deputado &#8211; Felicio como Federal e Welberth a Estadual &#8211; para defender os interesses de Maca\u00e9. \u201cE o que temos feito em Bras\u00edlia n\u00e3o \u00e9 ajuda alguma, \u00e9 minha obriga\u00e7\u00e3o. Principalmente por se tratar de uma cidade que me abra\u00e7ou\u201d, frisou o parlamentar. <\/span><\/p>\n<p class=\"p1\"><span class=\"s1\">Later\u00e7a, entretanto, foi al\u00e9m e destacou que o trabalho como deputado federal vai al\u00e9m de emendas parlamentares. A atua\u00e7\u00e3o \u00e9 focada tamb\u00e9m na intermedia\u00e7\u00e3o dos interesses do munic\u00edpio junto aos minist\u00e9rios. <\/span><\/p>\n<p class=\"p1\"><span class=\"s1\">Por \u00faltimo, o deputado &#8211; que \u00e9 delegado de Pol\u00edcia Federal &#8211; se comprometeu com o prefeito de alocar recursos para que o Governo crie um Centro Integrado de Comando e Controle para combater a viol\u00eancia no munic\u00edpio, unificando a atua\u00e7\u00e3o de todas as for\u00e7as de seguran\u00e7a. <\/span><\/p>\n","protected":false},"excerpt":{"rendered":"<p>Em v\u00eddeo postado neste dia 29 de Julho, anivers\u00e1rio de Maca\u00e9, o prefeito, Welberth (Cidadania), aparece ao lado do deputado federal, Felicio Later\u00e7a (PP), destacando o trabalho do parlamentar em Brasilia que, at\u00e9 agora, resultou em mais de R$ 10 milh\u00f5es em emendas destinadas a \u00e1reas como Sa\u00fade e Agricultura do munic\u00edpio. Welberth frisou que [&hellip;]<\/p>\n","protected":false},"author":2,"featured_media":7362,"comment_status":"open","ping_status":"open","sticky":false,"template":"","format":"standard","meta":{"footnotes":""},"categories":[2],"tags":[861,71],"class_list":["post-7359","post","type-post","status-publish","format-standard","has-post-thumbnail","hentry","category-macae","tag-laterca","tag-welberth"],"_links":{"self":[{"href":"https:\/\/blogdodanielgalvao.com.br\/site\/wp-json\/wp\/v2\/posts\/7359","targetHints":{"allow":["GET"]}}],"collection":[{"href":"https:\/\/blogdodanielgalvao.com.br\/site\/wp-json\/wp\/v2\/posts"}],"about":[{"href":"https:\/\/blogdodanielgalvao.com.br\/site\/wp-json\/wp\/v2\/types\/post"}],"author":[{"embeddable":true,"href":"https:\/\/blogdodanielgalvao.com.br\/site\/wp-json\/wp\/v2\/users\/2"}],"replies":[{"embeddable":true,"href":"https:\/\/blogdodanielgalvao.com.br\/site\/wp-json\/wp\/v2\/comments?post=7359"}],"version-history":[{"count":1,"href":"https:\/\/blogdodanielgalvao.com.br\/site\/wp-json\/wp\/v2\/posts\/7359\/revisions"}],"predecessor-version":[{"id":7361,"href":"https:\/\/blogdodanielgalvao.com.br\/site\/wp-json\/wp\/v2\/posts\/7359\/revisions\/7361"}],"wp:featuredmedia":[{"embeddable":true,"href":"https:\/\/blogdodanielgalvao.com.br\/site\/wp-json\/wp\/v2\/media\/7362"}],"wp:attachment":[{"href":"https:\/\/blogdodanielgalvao.com.br\/site\/wp-json\/wp\/v2\/media?parent=7359"}],"wp:term":[{"taxonomy":"category","embeddable":true,"href":"https:\/\/blogdodanielgalvao.com.br\/site\/wp-json\/wp\/v2\/categories?post=7359"},{"taxonomy":"post_tag","embeddable":true,"href":"https:\/\/blogdodanielgalvao.com.br\/site\/wp-json\/wp\/v2\/tags?post=7359"}],"curies":[{"name":"wp","href":"https:\/\/api.w.org\/{rel}","templated":true}]}}