{"id":7199,"date":"2022-06-18T10:48:00","date_gmt":"2022-06-18T13:48:00","guid":{"rendered":"http:\/\/blogdodanielgalvao.com.br\/site\/?p=7199"},"modified":"2022-06-18T10:48:00","modified_gmt":"2022-06-18T13:48:00","slug":"casimiro-ao-lado-do-prefeito-e-do-presidente-da-camara-laterca-entrega-titulos-de-propriedade-a-produtores-rurais-do-assentamento-visconde","status":"publish","type":"post","link":"https:\/\/blogdodanielgalvao.com.br\/site\/casimiro-ao-lado-do-prefeito-e-do-presidente-da-camara-laterca-entrega-titulos-de-propriedade-a-produtores-rurais-do-assentamento-visconde\/","title":{"rendered":"Casimiro: ao lado do prefeito e do presidente da C\u00e2mara, Later\u00e7a entrega t\u00edtulos de propriedade a produtores rurais do Assentamento Visconde"},"content":{"rendered":"<p class=\"p1\"><span class=\"s1\">Esta semana, o deputado federal Fel\u00edcio Later\u00e7a (PP) participou de um momento hist\u00f3rico no Assentamento Visconde, em Casimiro de Abreu: a entrega de t\u00edtulos de propriedade aos produtores rurais que vivem no local &#8211; uma reivindica\u00e7\u00e3o de mais de 20 anos. <\/span><\/p>\n<p class=\"p1\"><span class=\"s1\">De acordo com a Prefeitura, ao todo foram 59 t\u00edtulos e termos de posse entregues devolvendo dignidade \u00e0s fam\u00edlias agora \u2018com terra\u2019. O evento contou ainda com a presen\u00e7a do prefeito de Casimiro de Abreu, Ramon Gidalte (Cidadania), e do presidente da C\u00e2mara, Marquinho da Vaca Mec\u00e2nica (PDT). <\/span><\/p>\n<p class=\"p1\"><span class=\"s1\">Segundo o superintendente regional do Instituto Nacional de Coloniza\u00e7\u00e3o e Reforma Agr\u00e1ria (INCRA), Leandro Pires Conti Guimar\u00e3es, parceria \u00e9 a palavra que define o momento hist\u00f3rico para o munic\u00edpio. <\/span><\/p>\n<p class=\"p1\"><span class=\"s1\">\u201cO apoio da Prefeitura e a parceria do deputado Later\u00e7a foram fundamentais para realizarmos essa entrega de t\u00edtulos. Ela \u00e9 o resultado de muito trabalho de todos os servidores da superintend\u00eancia. Parceria \u00e9 fundamental para termos outras realiza\u00e7\u00f5es como esta\u201d, destacou Conti.<\/span><\/p>\n<p><a href=\"https:\/\/blogdodanielgalvao.com.br\/site\/casimiro-ao-lado-do-prefeito-e-do-presidente-da-camara-laterca-entrega-titulos-de-propriedade-a-produtores-rurais-do-assentamento-visconde\/53bffe5d-f454-4084-8caa-232757bec5dc\/\" rel=\"attachment wp-att-7201\"><img loading=\"lazy\" decoding=\"async\" class=\"alignnone size-full wp-image-7201\" src=\"https:\/\/blogdodanielgalvao.com.br\/site\/wp-content\/uploads\/2022\/06\/53BFFE5D-F454-4084-8CAA-232757BEC5DC.jpeg\" alt=\"\" width=\"1280\" height=\"1053\" srcset=\"https:\/\/blogdodanielgalvao.com.br\/site\/wp-content\/uploads\/2022\/06\/53BFFE5D-F454-4084-8CAA-232757BEC5DC.jpeg 1280w, https:\/\/blogdodanielgalvao.com.br\/site\/wp-content\/uploads\/2022\/06\/53BFFE5D-F454-4084-8CAA-232757BEC5DC-300x247.jpeg 300w, https:\/\/blogdodanielgalvao.com.br\/site\/wp-content\/uploads\/2022\/06\/53BFFE5D-F454-4084-8CAA-232757BEC5DC-768x632.jpeg 768w, https:\/\/blogdodanielgalvao.com.br\/site\/wp-content\/uploads\/2022\/06\/53BFFE5D-F454-4084-8CAA-232757BEC5DC-1024x842.jpeg 1024w, https:\/\/blogdodanielgalvao.com.br\/site\/wp-content\/uploads\/2022\/06\/53BFFE5D-F454-4084-8CAA-232757BEC5DC-50x41.jpeg 50w, https:\/\/blogdodanielgalvao.com.br\/site\/wp-content\/uploads\/2022\/06\/53BFFE5D-F454-4084-8CAA-232757BEC5DC-710x584.jpeg 710w\" sizes=\"auto, (max-width: 1280px) 100vw, 1280px\" \/><\/a><\/p>\n<p class=\"p1\"><span class=\"s1\">J\u00e1 Later\u00e7a destacou que o documento entregue aos produtores rurais do assentamento representa a transfer\u00eancia definitiva do dom\u00ednio da terra, al\u00e9m de acesso a cr\u00e9ditos rurais para investir na produ\u00e7\u00e3o e assist\u00eancia t\u00e9cnica. \u201c\u00c9 um marco hist\u00f3rico que demonstra nosso compromisso com a justi\u00e7a social\u201d, resumiu. <\/span><\/p>\n","protected":false},"excerpt":{"rendered":"<p>Esta semana, o deputado federal Fel\u00edcio Later\u00e7a (PP) participou de um momento hist\u00f3rico no Assentamento Visconde, em Casimiro de Abreu: a entrega de t\u00edtulos de propriedade aos produtores rurais que vivem no local &#8211; uma reivindica\u00e7\u00e3o de mais de 20 anos. De acordo com a Prefeitura, ao todo foram 59 t\u00edtulos e termos de posse [&hellip;]<\/p>\n","protected":false},"author":2,"featured_media":7200,"comment_status":"open","ping_status":"open","sticky":false,"template":"","format":"standard","meta":{"footnotes":""},"categories":[6],"tags":[1733,1734,861,1735],"class_list":["post-7199","post","type-post","status-publish","format-standard","has-post-thumbnail","hentry","category-casimiro-de-abreu","tag-assentamento-visconde","tag-incra","tag-laterca","tag-titulos-de-propriedade"],"_links":{"self":[{"href":"https:\/\/blogdodanielgalvao.com.br\/site\/wp-json\/wp\/v2\/posts\/7199","targetHints":{"allow":["GET"]}}],"collection":[{"href":"https:\/\/blogdodanielgalvao.com.br\/site\/wp-json\/wp\/v2\/posts"}],"about":[{"href":"https:\/\/blogdodanielgalvao.com.br\/site\/wp-json\/wp\/v2\/types\/post"}],"author":[{"embeddable":true,"href":"https:\/\/blogdodanielgalvao.com.br\/site\/wp-json\/wp\/v2\/users\/2"}],"replies":[{"embeddable":true,"href":"https:\/\/blogdodanielgalvao.com.br\/site\/wp-json\/wp\/v2\/comments?post=7199"}],"version-history":[{"count":2,"href":"https:\/\/blogdodanielgalvao.com.br\/site\/wp-json\/wp\/v2\/posts\/7199\/revisions"}],"predecessor-version":[{"id":7203,"href":"https:\/\/blogdodanielgalvao.com.br\/site\/wp-json\/wp\/v2\/posts\/7199\/revisions\/7203"}],"wp:featuredmedia":[{"embeddable":true,"href":"https:\/\/blogdodanielgalvao.com.br\/site\/wp-json\/wp\/v2\/media\/7200"}],"wp:attachment":[{"href":"https:\/\/blogdodanielgalvao.com.br\/site\/wp-json\/wp\/v2\/media?parent=7199"}],"wp:term":[{"taxonomy":"category","embeddable":true,"href":"https:\/\/blogdodanielgalvao.com.br\/site\/wp-json\/wp\/v2\/categories?post=7199"},{"taxonomy":"post_tag","embeddable":true,"href":"https:\/\/blogdodanielgalvao.com.br\/site\/wp-json\/wp\/v2\/tags?post=7199"}],"curies":[{"name":"wp","href":"https:\/\/api.w.org\/{rel}","templated":true}]}}