{"id":6450,"date":"2021-04-26T17:23:12","date_gmt":"2021-04-26T20:23:12","guid":{"rendered":"http:\/\/blogdodanielgalvao.com.br\/site\/?p=6450"},"modified":"2021-04-26T17:23:12","modified_gmt":"2021-04-26T20:23:12","slug":"macae-ainda-enfrentando-a-covid-governo-mira-em-acoes-para-acelerar-recuperacao-economica-pos-pandemia","status":"publish","type":"post","link":"https:\/\/blogdodanielgalvao.com.br\/site\/macae-ainda-enfrentando-a-covid-governo-mira-em-acoes-para-acelerar-recuperacao-economica-pos-pandemia\/","title":{"rendered":"Maca\u00e9: ainda enfrentando a Covid, Governo mira em a\u00e7\u00f5es para acelerar recupera\u00e7\u00e3o econ\u00f4mica p\u00f3s-pandemia"},"content":{"rendered":"<p class=\"p1\"><span class=\"s1\">Se por um lado reduzir as interna\u00e7\u00f5es de pacientes graves e a taxa de mortalidade, al\u00e9m de conter o avan\u00e7o da dissemina\u00e7\u00e3o da Covid na cidade, continuam como prioridade, por outro o Governo investe em a\u00e7\u00f5es que v\u00e3o, segundo o prefeito de Maca\u00e9, Welberth (Cidadania), garantir um recupera\u00e7\u00e3o econ\u00f4mica acelerada p\u00f3s-pandemia. <\/span><\/p>\n<p class=\"p1\"><span class=\"s1\">\u201cEstamos trabalhando para desburocratizar a vida do empres\u00e1rio que quer investir no munic\u00edpio. Gerar empregos e RE aquecer a economia tamb\u00e9m s\u00e3o prioridade\u201d, resumiu ao Blog o chefe do Executivo que elencou algumas das principais a\u00e7\u00f5es do Governo nos \u00faltimos meses neste sentido. <\/span><\/p>\n<p class=\"p1\"><span class=\"s1\">\u201cAl\u00e9m da termoel\u00e9trica em constru\u00e7\u00e3o e de duas em processo de licenciamento, estamos na expectativa de outras 12 poss\u00edveis unidades nos leil\u00f5es de junho e setembro\u201d, frisou Welberth. O prefeito foi al\u00e9m e citou ainda o investimento de R$ 200 milh\u00f5es da Rede D\u2019or construindo, que est\u00e1 construindo um hospital no munic\u00edpio, al\u00e9m de outros empreendimentos como sinal de que o p\u00f3s-pandemia est\u00e1 sendo desenhado agora.<\/span><\/p>\n<h4>Nova Lei do G\u00e1s<\/h4>\n<p class=\"p1\"><span class=\"s1\">\u201cO Mercado Assa\u00ed, que j\u00e1 est\u00e1 com o terreno comprado, al\u00e9m do atacadista DOM (que j\u00e1 est\u00e1 em constru\u00e7\u00e3o), a amplia\u00e7\u00e3o do Aeroporto (R$ 120 milh\u00f5es de investimentos) e a revitaliza\u00e7\u00e3o de campos maduros (R$ 10 bilh\u00f5es de d\u00f3lares) tamb\u00e9m fazem parte deste pacote que v\u00e3o dar \u00e0 Maca\u00e9 f\u00f4lego econ\u00f4mico novo\u201d, destacou Welberth. <\/span><\/p>\n<p class=\"p1\"><span class=\"s1\">Vale lembrar ainda que a chamada Lei do G\u00e1s, aprovada recentemente no Congresso, vai beneficiar diretamente \u00e0 Maca\u00e9 &#8211; que produz a maior parte do produto no Brasil. Esse novo marco traz a possibilidade de dezenas de ind\u00fastrias, que utilizam o g\u00e1s como matriz energ\u00e9tica, se instalarem no pa\u00eds.<\/span><\/p>\n<p class=\"p1\"><span class=\"s1\">\u201cAinda estamos atravessando um momento delicado, mas vamos virar esta p\u00e1gina juntos. Temos certeza de que sairemos em breve do Covid\u00edmetro para o Empreg\u00f4metro. \u201d, resumiu.<\/span><\/p>\n","protected":false},"excerpt":{"rendered":"<p>Se por um lado reduzir as interna\u00e7\u00f5es de pacientes graves e a taxa de mortalidade, al\u00e9m de conter o avan\u00e7o da dissemina\u00e7\u00e3o da Covid na cidade, continuam como prioridade, por outro o Governo investe em a\u00e7\u00f5es que v\u00e3o, segundo o prefeito de Maca\u00e9, Welberth (Cidadania), garantir um recupera\u00e7\u00e3o econ\u00f4mica acelerada p\u00f3s-pandemia. \u201cEstamos trabalhando para desburocratizar [&hellip;]<\/p>\n","protected":false},"author":2,"featured_media":6451,"comment_status":"open","ping_status":"open","sticky":false,"template":"","format":"standard","meta":{"footnotes":""},"categories":[1527],"tags":[1207,1518,71],"class_list":["post-6450","post","type-post","status-publish","format-standard","has-post-thumbnail","hentry","category-governo","tag-blog-do-daniel-galvao-politica-macae","tag-covid","tag-welberth"],"_links":{"self":[{"href":"https:\/\/blogdodanielgalvao.com.br\/site\/wp-json\/wp\/v2\/posts\/6450","targetHints":{"allow":["GET"]}}],"collection":[{"href":"https:\/\/blogdodanielgalvao.com.br\/site\/wp-json\/wp\/v2\/posts"}],"about":[{"href":"https:\/\/blogdodanielgalvao.com.br\/site\/wp-json\/wp\/v2\/types\/post"}],"author":[{"embeddable":true,"href":"https:\/\/blogdodanielgalvao.com.br\/site\/wp-json\/wp\/v2\/users\/2"}],"replies":[{"embeddable":true,"href":"https:\/\/blogdodanielgalvao.com.br\/site\/wp-json\/wp\/v2\/comments?post=6450"}],"version-history":[{"count":1,"href":"https:\/\/blogdodanielgalvao.com.br\/site\/wp-json\/wp\/v2\/posts\/6450\/revisions"}],"predecessor-version":[{"id":6452,"href":"https:\/\/blogdodanielgalvao.com.br\/site\/wp-json\/wp\/v2\/posts\/6450\/revisions\/6452"}],"wp:featuredmedia":[{"embeddable":true,"href":"https:\/\/blogdodanielgalvao.com.br\/site\/wp-json\/wp\/v2\/media\/6451"}],"wp:attachment":[{"href":"https:\/\/blogdodanielgalvao.com.br\/site\/wp-json\/wp\/v2\/media?parent=6450"}],"wp:term":[{"taxonomy":"category","embeddable":true,"href":"https:\/\/blogdodanielgalvao.com.br\/site\/wp-json\/wp\/v2\/categories?post=6450"},{"taxonomy":"post_tag","embeddable":true,"href":"https:\/\/blogdodanielgalvao.com.br\/site\/wp-json\/wp\/v2\/tags?post=6450"}],"curies":[{"name":"wp","href":"https:\/\/api.w.org\/{rel}","templated":true}]}}