{"id":6276,"date":"2021-02-24T11:06:23","date_gmt":"2021-02-24T14:06:23","guid":{"rendered":"http:\/\/blogdodanielgalvao.com.br\/site\/?p=6276"},"modified":"2021-02-24T11:06:23","modified_gmt":"2021-02-24T14:06:23","slug":"macae-welberth-oficializa-indicacao-de-guto-garcia-e-luciano-diniz-como-lider-e-vice-do-governo-na-camara","status":"publish","type":"post","link":"https:\/\/blogdodanielgalvao.com.br\/site\/macae-welberth-oficializa-indicacao-de-guto-garcia-e-luciano-diniz-como-lider-e-vice-do-governo-na-camara\/","title":{"rendered":"Maca\u00e9: Welberth oficializa indica\u00e7\u00e3o de Guto Garcia e Luciano Diniz como l\u00edder e vice do Governo na C\u00e2mara"},"content":{"rendered":"<p class=\"p1\"><span class=\"s1\">Quem acompanha o Blog j\u00e1 sabia desde o in\u00edcio do ano que Guto Garcia (PDT) e Luciano Diniz (Cidadania) assumiram as fun\u00e7\u00f5es de l\u00edder e vice-l\u00edder da bancada de Governo na C\u00e2mara. <\/span><\/p>\n<p class=\"p1\"><span class=\"s1\">Contudo, Welberth (Cidadania) encaminhou ontem, 23, para o Legislativo documento oficializando as indica\u00e7\u00f5es. Desta forma, cabe a partir de agora aos dois parlamentares a defesa das pautas de interesse do Governo em plen\u00e1rio, al\u00e9m da interlocu\u00e7\u00e3o com o Executivo. <\/span><\/p>\n","protected":false},"excerpt":{"rendered":"<p>Quem acompanha o Blog j\u00e1 sabia desde o in\u00edcio do ano que Guto Garcia (PDT) e Luciano Diniz (Cidadania) assumiram as fun\u00e7\u00f5es de l\u00edder e vice-l\u00edder da bancada de Governo na C\u00e2mara. Contudo, Welberth (Cidadania) encaminhou ontem, 23, para o Legislativo documento oficializando as indica\u00e7\u00f5es. Desta forma, cabe a partir de agora aos dois parlamentares [&hellip;]<\/p>\n","protected":false},"author":2,"featured_media":6277,"comment_status":"open","ping_status":"open","sticky":false,"template":"","format":"standard","meta":{"footnotes":""},"categories":[2],"tags":[1207,649,1605,49,1604],"class_list":["post-6276","post","type-post","status-publish","format-standard","has-post-thumbnail","hentry","category-macae","tag-blog-do-daniel-galvao-politica-macae","tag-guto","tag-lider-governo","tag-luciano-diniz","tag-weberth"],"_links":{"self":[{"href":"https:\/\/blogdodanielgalvao.com.br\/site\/wp-json\/wp\/v2\/posts\/6276","targetHints":{"allow":["GET"]}}],"collection":[{"href":"https:\/\/blogdodanielgalvao.com.br\/site\/wp-json\/wp\/v2\/posts"}],"about":[{"href":"https:\/\/blogdodanielgalvao.com.br\/site\/wp-json\/wp\/v2\/types\/post"}],"author":[{"embeddable":true,"href":"https:\/\/blogdodanielgalvao.com.br\/site\/wp-json\/wp\/v2\/users\/2"}],"replies":[{"embeddable":true,"href":"https:\/\/blogdodanielgalvao.com.br\/site\/wp-json\/wp\/v2\/comments?post=6276"}],"version-history":[{"count":1,"href":"https:\/\/blogdodanielgalvao.com.br\/site\/wp-json\/wp\/v2\/posts\/6276\/revisions"}],"predecessor-version":[{"id":6278,"href":"https:\/\/blogdodanielgalvao.com.br\/site\/wp-json\/wp\/v2\/posts\/6276\/revisions\/6278"}],"wp:featuredmedia":[{"embeddable":true,"href":"https:\/\/blogdodanielgalvao.com.br\/site\/wp-json\/wp\/v2\/media\/6277"}],"wp:attachment":[{"href":"https:\/\/blogdodanielgalvao.com.br\/site\/wp-json\/wp\/v2\/media?parent=6276"}],"wp:term":[{"taxonomy":"category","embeddable":true,"href":"https:\/\/blogdodanielgalvao.com.br\/site\/wp-json\/wp\/v2\/categories?post=6276"},{"taxonomy":"post_tag","embeddable":true,"href":"https:\/\/blogdodanielgalvao.com.br\/site\/wp-json\/wp\/v2\/tags?post=6276"}],"curies":[{"name":"wp","href":"https:\/\/api.w.org\/{rel}","templated":true}]}}