{"id":6272,"date":"2021-02-23T18:39:27","date_gmt":"2021-02-23T21:39:27","guid":{"rendered":"http:\/\/blogdodanielgalvao.com.br\/site\/?p=6272"},"modified":"2021-02-23T18:41:03","modified_gmt":"2021-02-23T21:41:03","slug":"macae-presidente-da-camara-nomeia-comissao-de-vereadores-para-acompanhar-nova-concessao-da-agua-no-municipio","status":"publish","type":"post","link":"https:\/\/blogdodanielgalvao.com.br\/site\/macae-presidente-da-camara-nomeia-comissao-de-vereadores-para-acompanhar-nova-concessao-da-agua-no-municipio\/","title":{"rendered":"Maca\u00e9: presidente da C\u00e2mara nomeia comiss\u00e3o de vereadores para acompanhar nova concess\u00e3o da \u00e1gua no munic\u00edpio"},"content":{"rendered":"<p>O problema \u00e9 cr\u00f4nico e antigo, mas pode estar, finalmente, com os dias contados. O Blog se refere \u00e0 falta de \u00e1gua em Maca\u00e9. Isso porque, at\u00e9 mar\u00e7o de 2023, com a privatiza\u00e7\u00e3o da Cedae em curso, uma nova concess\u00e3o precisar\u00e1 substituir a atual no munic\u00edpio.<\/p>\n<p>Na pr\u00e1tica isso quer dizer que uma nova empresa vai prestar o servi\u00e7o na cidade e levar \u00e1gua para a casa dos macaenses dos Cavaleiros ao Lagomar. E, se antecipando a este processo, o presidente da C\u00e2mara, Cesinha (Pros), criou nesta ter\u00e7a-feira, 23, uma comiss\u00e3o de vereadores para acompanhar \u00e0 nova concess\u00e3o.<\/p>\n<p>Os indicados pelo presidente e que receberam aprova\u00e7\u00e3o do plen\u00e1rio foram: George Jardim (PSDB) como presidente, Iza Vicente (Rede) na relatoria, \u00c9dson Chiquini (Patriota) como vice e Professor Michel (Patriota) na supl\u00eancia &#8211; formando a comiss\u00e3o.<\/p>\n<p>\u201cA C\u00e2mara est\u00e1 empenhado em ajudar Maca\u00e9 a resolver este problema. N\u00e3o podemos mais aceitar que a popula\u00e7\u00e3o sofra com o descaso e vamos fiscalizar at\u00e9 que o novo processo de concess\u00e3o esteja conclu\u00eddo\u201d, resumiu Cesinha.<\/p>\n","protected":false},"excerpt":{"rendered":"<p>O problema \u00e9 cr\u00f4nico e antigo, mas pode estar, finalmente, com os dias contados. O Blog se refere \u00e0 falta de \u00e1gua em Maca\u00e9. Isso porque, at\u00e9 mar\u00e7o de 2023, com a privatiza\u00e7\u00e3o da Cedae em curso, uma nova concess\u00e3o precisar\u00e1 substituir a atual no munic\u00edpio. Na pr\u00e1tica isso quer dizer que uma nova empresa [&hellip;]<\/p>\n","protected":false},"author":2,"featured_media":6273,"comment_status":"open","ping_status":"open","sticky":false,"template":"","format":"standard","meta":{"footnotes":""},"categories":[1557],"tags":[1207,133,74],"class_list":["post-6272","post","type-post","status-publish","format-standard","has-post-thumbnail","hentry","category-camara","tag-blog-do-daniel-galvao-politica-macae","tag-cedae","tag-cesinha"],"_links":{"self":[{"href":"https:\/\/blogdodanielgalvao.com.br\/site\/wp-json\/wp\/v2\/posts\/6272","targetHints":{"allow":["GET"]}}],"collection":[{"href":"https:\/\/blogdodanielgalvao.com.br\/site\/wp-json\/wp\/v2\/posts"}],"about":[{"href":"https:\/\/blogdodanielgalvao.com.br\/site\/wp-json\/wp\/v2\/types\/post"}],"author":[{"embeddable":true,"href":"https:\/\/blogdodanielgalvao.com.br\/site\/wp-json\/wp\/v2\/users\/2"}],"replies":[{"embeddable":true,"href":"https:\/\/blogdodanielgalvao.com.br\/site\/wp-json\/wp\/v2\/comments?post=6272"}],"version-history":[{"count":1,"href":"https:\/\/blogdodanielgalvao.com.br\/site\/wp-json\/wp\/v2\/posts\/6272\/revisions"}],"predecessor-version":[{"id":6274,"href":"https:\/\/blogdodanielgalvao.com.br\/site\/wp-json\/wp\/v2\/posts\/6272\/revisions\/6274"}],"wp:featuredmedia":[{"embeddable":true,"href":"https:\/\/blogdodanielgalvao.com.br\/site\/wp-json\/wp\/v2\/media\/6273"}],"wp:attachment":[{"href":"https:\/\/blogdodanielgalvao.com.br\/site\/wp-json\/wp\/v2\/media?parent=6272"}],"wp:term":[{"taxonomy":"category","embeddable":true,"href":"https:\/\/blogdodanielgalvao.com.br\/site\/wp-json\/wp\/v2\/categories?post=6272"},{"taxonomy":"post_tag","embeddable":true,"href":"https:\/\/blogdodanielgalvao.com.br\/site\/wp-json\/wp\/v2\/tags?post=6272"}],"curies":[{"name":"wp","href":"https:\/\/api.w.org\/{rel}","templated":true}]}}