{"id":5571,"date":"2020-08-03T09:32:37","date_gmt":"2020-08-03T12:32:37","guid":{"rendered":"http:\/\/blogdodanielgalvao.com.br\/site\/?p=5571"},"modified":"2020-08-03T09:59:26","modified_gmt":"2020-08-03T12:59:26","slug":"macae-julinho-diz-que-vai-apresentar-exames-e-atestado-medico-a-camara-nesta-segunda-para-justificar-faltas","status":"publish","type":"post","link":"https:\/\/blogdodanielgalvao.com.br\/site\/macae-julinho-diz-que-vai-apresentar-exames-e-atestado-medico-a-camara-nesta-segunda-para-justificar-faltas\/","title":{"rendered":"Maca\u00e9: Julinho diz que vai apresentar exames e atestado m\u00e9dico \u00e0 C\u00e2mara nesta segunda para justificar faltas"},"content":{"rendered":"<p class=\"p1\"><span class=\"s1\">Logo ap\u00f3s a publica\u00e7\u00e3o da mat\u00e9ria revelando a s\u00e9rie de faltas \u00e0s sess\u00f5es remotas da C\u00e2mara durante o m\u00eas de julho (<a href=\"https:\/\/blogdodanielgalvao.com.br\/site\/macae-em-plena-crise-provocada-pela-pandemia-vereador-falta-a-todas-as-sessoes-remotas-da-camara-em-julho\/\">leia aqui<\/a>), o vice-presidente do Legislativo, Julinho (MDB), reagiu e disse que nesta segunda-feira, 3, vai apresentar exames e atestado m\u00e9dico \u00e0 presid\u00eancia. <\/span><\/p>\n<p class=\"p1\"><span class=\"s1\">Em contato com o Blog, Julinho enumerou problemas de sa\u00fade e at\u00e9 uma suspeita de COVID-19 para explicar as faltas. Al\u00e9m disso, frisou que, mesmo sob orienta\u00e7\u00e3o m\u00e9dica de se manter afastado das fun\u00e7\u00f5es, presidiu uma sess\u00e3o no m\u00eas passado cobrindo a aus\u00eancia de Dr. Eduardo (Podemos).<\/span><\/p>\n","protected":false},"excerpt":{"rendered":"<p>Logo ap\u00f3s a publica\u00e7\u00e3o da mat\u00e9ria revelando a s\u00e9rie de faltas \u00e0s sess\u00f5es remotas da C\u00e2mara durante o m\u00eas de julho (leia aqui), o vice-presidente do Legislativo, Julinho (MDB), reagiu e disse que nesta segunda-feira, 3, vai apresentar exames e atestado m\u00e9dico \u00e0 presid\u00eancia. Em contato com o Blog, Julinho enumerou problemas de sa\u00fade e [&hellip;]<\/p>\n","protected":false},"author":2,"featured_media":5573,"comment_status":"open","ping_status":"open","sticky":false,"template":"","format":"standard","meta":{"footnotes":""},"categories":[1292],"tags":[1207,1487,75],"class_list":["post-5571","post","type-post","status-publish","format-standard","has-post-thumbnail","hentry","category-eleicoes-2020","tag-blog-do-daniel-galvao-politica-macae","tag-faltas","tag-julinho-do-aeroporto"],"_links":{"self":[{"href":"https:\/\/blogdodanielgalvao.com.br\/site\/wp-json\/wp\/v2\/posts\/5571","targetHints":{"allow":["GET"]}}],"collection":[{"href":"https:\/\/blogdodanielgalvao.com.br\/site\/wp-json\/wp\/v2\/posts"}],"about":[{"href":"https:\/\/blogdodanielgalvao.com.br\/site\/wp-json\/wp\/v2\/types\/post"}],"author":[{"embeddable":true,"href":"https:\/\/blogdodanielgalvao.com.br\/site\/wp-json\/wp\/v2\/users\/2"}],"replies":[{"embeddable":true,"href":"https:\/\/blogdodanielgalvao.com.br\/site\/wp-json\/wp\/v2\/comments?post=5571"}],"version-history":[{"count":4,"href":"https:\/\/blogdodanielgalvao.com.br\/site\/wp-json\/wp\/v2\/posts\/5571\/revisions"}],"predecessor-version":[{"id":5577,"href":"https:\/\/blogdodanielgalvao.com.br\/site\/wp-json\/wp\/v2\/posts\/5571\/revisions\/5577"}],"wp:featuredmedia":[{"embeddable":true,"href":"https:\/\/blogdodanielgalvao.com.br\/site\/wp-json\/wp\/v2\/media\/5573"}],"wp:attachment":[{"href":"https:\/\/blogdodanielgalvao.com.br\/site\/wp-json\/wp\/v2\/media?parent=5571"}],"wp:term":[{"taxonomy":"category","embeddable":true,"href":"https:\/\/blogdodanielgalvao.com.br\/site\/wp-json\/wp\/v2\/categories?post=5571"},{"taxonomy":"post_tag","embeddable":true,"href":"https:\/\/blogdodanielgalvao.com.br\/site\/wp-json\/wp\/v2\/tags?post=5571"}],"curies":[{"name":"wp","href":"https:\/\/api.w.org\/{rel}","templated":true}]}}