{"id":5353,"date":"2020-03-30T12:32:04","date_gmt":"2020-03-30T15:32:04","guid":{"rendered":"http:\/\/blogdodanielgalvao.com.br\/site\/?p=5353"},"modified":"2020-03-30T12:35:40","modified_gmt":"2020-03-30T15:35:40","slug":"camara-dobra-para-r-200-e-aprova-pl-do-governo-que-cria-auxilio-alimentacao-a-alunos-da-rede-municipal","status":"publish","type":"post","link":"https:\/\/blogdodanielgalvao.com.br\/site\/camara-dobra-para-r-200-e-aprova-pl-do-governo-que-cria-auxilio-alimentacao-a-alunos-da-rede-municipal\/","title":{"rendered":"C\u00e2mara dobra para R$ 200 e aprova PL do Governo que cria aux\u00edlio-alimenta\u00e7\u00e3o a alunos da rede municipal"},"content":{"rendered":"<p class=\"p1\"><span class=\"s1\">O PL 01\/2020, de autoria do Governo, que cria um aux\u00edlio-alimenta\u00e7\u00e3o para os 42 mil alunos da rede municipal, foi votado e aprovado em sess\u00e3o extraordin\u00e1ria realizada nesta segunda-feira, 30. Contudo, o valor de R$ 100 por crian\u00e7a proposto no texto original, recebeu emendas do Legislativo e dobrou. <\/span><\/p>\n<p class=\"p1\"><span class=\"s1\">Isso porque, a C\u00e2mara utilizou R$ 5,3 milh\u00f5es de recursos de um Fundo pr\u00f3prio para garantir o benef\u00edcio de R$ 200 \u00e0s crian\u00e7as pelos pr\u00f3ximos meses em que a crise persistir. Os vereadores tamb\u00e9m elogiaram a postura do prefeito, Dr. Alu\u00edzio (PSDB), nas a\u00e7\u00f5es frente \u00e0 pandemia do coronav\u00edrus na cidade. <\/span><\/p>\n<p class=\"p1\"><span class=\"s1\">Um dos mais entusiasmados com a aprova\u00e7\u00e3o da proposta foi Robson Oliveira. Isso porque, no dia 25 o parlamentar protocolou requerimento na C\u00e2mara propondo ao Executivo a cria\u00e7\u00e3o do benef\u00edcio. E, j\u00e1 no dia seguinte, o Governo enviou o Projeto de Lei ao Legislativo. <\/span><\/p>\n<p class=\"p1\"><span class=\"s1\">\u201cN\u00e3o importa agora quem \u00e9 oposi\u00e7\u00e3o ou situa\u00e7\u00e3o. O que vale \u00e9 defender a vida das pessoas e, sobretudo, de crian\u00e7as que por vezes a \u00fanica refei\u00e7\u00e3o que elas tinham era na escola\u201d, resumiu.<\/span><\/p>\n","protected":false},"excerpt":{"rendered":"<p>O PL 01\/2020, de autoria do Governo, que cria um aux\u00edlio-alimenta\u00e7\u00e3o para os 42 mil alunos da rede municipal, foi votado e aprovado em sess\u00e3o extraordin\u00e1ria realizada nesta segunda-feira, 30. Contudo, o valor de R$ 100 por crian\u00e7a proposto no texto original, recebeu emendas do Legislativo e dobrou. Isso porque, a C\u00e2mara utilizou R$ 5,3 [&hellip;]<\/p>\n","protected":false},"author":2,"featured_media":5354,"comment_status":"open","ping_status":"open","sticky":false,"template":"","format":"standard","meta":{"footnotes":""},"categories":[1453],"tags":[1457,1207,1448,98],"class_list":["post-5353","post","type-post","status-publish","format-standard","has-post-thumbnail","hentry","category-coronavirus","tag-alunos","tag-blog-do-daniel-galvao-politica-macae","tag-coronavirus","tag-macae"],"_links":{"self":[{"href":"https:\/\/blogdodanielgalvao.com.br\/site\/wp-json\/wp\/v2\/posts\/5353","targetHints":{"allow":["GET"]}}],"collection":[{"href":"https:\/\/blogdodanielgalvao.com.br\/site\/wp-json\/wp\/v2\/posts"}],"about":[{"href":"https:\/\/blogdodanielgalvao.com.br\/site\/wp-json\/wp\/v2\/types\/post"}],"author":[{"embeddable":true,"href":"https:\/\/blogdodanielgalvao.com.br\/site\/wp-json\/wp\/v2\/users\/2"}],"replies":[{"embeddable":true,"href":"https:\/\/blogdodanielgalvao.com.br\/site\/wp-json\/wp\/v2\/comments?post=5353"}],"version-history":[{"count":3,"href":"https:\/\/blogdodanielgalvao.com.br\/site\/wp-json\/wp\/v2\/posts\/5353\/revisions"}],"predecessor-version":[{"id":5357,"href":"https:\/\/blogdodanielgalvao.com.br\/site\/wp-json\/wp\/v2\/posts\/5353\/revisions\/5357"}],"wp:featuredmedia":[{"embeddable":true,"href":"https:\/\/blogdodanielgalvao.com.br\/site\/wp-json\/wp\/v2\/media\/5354"}],"wp:attachment":[{"href":"https:\/\/blogdodanielgalvao.com.br\/site\/wp-json\/wp\/v2\/media?parent=5353"}],"wp:term":[{"taxonomy":"category","embeddable":true,"href":"https:\/\/blogdodanielgalvao.com.br\/site\/wp-json\/wp\/v2\/categories?post=5353"},{"taxonomy":"post_tag","embeddable":true,"href":"https:\/\/blogdodanielgalvao.com.br\/site\/wp-json\/wp\/v2\/tags?post=5353"}],"curies":[{"name":"wp","href":"https:\/\/api.w.org\/{rel}","templated":true}]}}