{"id":5186,"date":"2020-02-13T12:11:26","date_gmt":"2020-02-13T15:11:26","guid":{"rendered":"http:\/\/blogdodanielgalvao.com.br\/site\/?p=5186"},"modified":"2020-02-13T12:11:26","modified_gmt":"2020-02-13T15:11:26","slug":"cabo-frio-subtenente-bernardo-erra-ao-encaminhar-oficio-imprensa-noticia-e-e-atacada-pelo-deputado-bundoes-e-babacas","status":"publish","type":"post","link":"https:\/\/blogdodanielgalvao.com.br\/site\/cabo-frio-subtenente-bernardo-erra-ao-encaminhar-oficio-imprensa-noticia-e-e-atacada-pelo-deputado-bundoes-e-babacas\/","title":{"rendered":"Cabo Frio: Subtenente Bernardo erra ao encaminhar of\u00edcio, imprensa noticia e \u00e9 atacada pelo deputado: \u2018Bund\u00f5es e babacas\u2019"},"content":{"rendered":"<p class=\"p1\"><span class=\"s1\">H\u00e1 um ditado que diz que a \u2018emenda saiu pior do que o soneto\u2019. Esse refr\u00e3o popular resume bem a trapalhada cometida pelo deputado estadual, Subtenente Bernardo (PROS), que ap\u00f3s errar o destinat\u00e1rio de um of\u00edcio e a imprensa cabo-friense (sua base eleitoral) noticiar, em vez de reconhecer o equ\u00edvoco preferiu ofender a m\u00eddia.<\/span><\/p>\n<p class=\"p1\"><span class=\"s1\">O parlamentar de primeiro mandato, conhecido por seus destemperos, atacou a imprensa chamando os profissionais que noticiaram seu erro de \u2018bund\u00f5es e babacas\u2019. Fontes do Blog disseram que o caso j\u00e1 foi encaminhado a Federa\u00e7\u00e3o Nacional dos Jornalistas (Fenaj) uma vez que a postura do Subtenente Bernardo soa como reprimenda ao exerc\u00edcio da livre imprensa.<\/span><\/p>\n<p>Assista <a href=\"https:\/\/www.facebook.com\/252515948743658\/posts\/494053657923218\/\">aqui<\/a> ao v\u00eddeo!<\/p>\n","protected":false},"excerpt":{"rendered":"<p>H\u00e1 um ditado que diz que a \u2018emenda saiu pior do que o soneto\u2019. Esse refr\u00e3o popular resume bem a trapalhada cometida pelo deputado estadual, Subtenente Bernardo (PROS), que ap\u00f3s errar o destinat\u00e1rio de um of\u00edcio e a imprensa cabo-friense (sua base eleitoral) noticiar, em vez de reconhecer o equ\u00edvoco preferiu ofender a m\u00eddia. O [&hellip;]<\/p>\n","protected":false},"author":2,"featured_media":5187,"comment_status":"open","ping_status":"open","sticky":false,"template":"","format":"standard","meta":{"footnotes":""},"categories":[340],"tags":[1202,1440,1257],"class_list":["post-5186","post","type-post","status-publish","format-standard","has-post-thumbnail","hentry","category-cabo-frio","tag-blog-do-daniel-galvao-politica","tag-bundoed-e-babacas","tag-subtenente-bernardo"],"_links":{"self":[{"href":"https:\/\/blogdodanielgalvao.com.br\/site\/wp-json\/wp\/v2\/posts\/5186","targetHints":{"allow":["GET"]}}],"collection":[{"href":"https:\/\/blogdodanielgalvao.com.br\/site\/wp-json\/wp\/v2\/posts"}],"about":[{"href":"https:\/\/blogdodanielgalvao.com.br\/site\/wp-json\/wp\/v2\/types\/post"}],"author":[{"embeddable":true,"href":"https:\/\/blogdodanielgalvao.com.br\/site\/wp-json\/wp\/v2\/users\/2"}],"replies":[{"embeddable":true,"href":"https:\/\/blogdodanielgalvao.com.br\/site\/wp-json\/wp\/v2\/comments?post=5186"}],"version-history":[{"count":1,"href":"https:\/\/blogdodanielgalvao.com.br\/site\/wp-json\/wp\/v2\/posts\/5186\/revisions"}],"predecessor-version":[{"id":5188,"href":"https:\/\/blogdodanielgalvao.com.br\/site\/wp-json\/wp\/v2\/posts\/5186\/revisions\/5188"}],"wp:featuredmedia":[{"embeddable":true,"href":"https:\/\/blogdodanielgalvao.com.br\/site\/wp-json\/wp\/v2\/media\/5187"}],"wp:attachment":[{"href":"https:\/\/blogdodanielgalvao.com.br\/site\/wp-json\/wp\/v2\/media?parent=5186"}],"wp:term":[{"taxonomy":"category","embeddable":true,"href":"https:\/\/blogdodanielgalvao.com.br\/site\/wp-json\/wp\/v2\/categories?post=5186"},{"taxonomy":"post_tag","embeddable":true,"href":"https:\/\/blogdodanielgalvao.com.br\/site\/wp-json\/wp\/v2\/tags?post=5186"}],"curies":[{"name":"wp","href":"https:\/\/api.w.org\/{rel}","templated":true}]}}