{"id":4909,"date":"2019-12-11T12:53:58","date_gmt":"2019-12-11T15:53:58","guid":{"rendered":"http:\/\/blogdodanielgalvao.com.br\/site\/?p=4909"},"modified":"2019-12-11T12:53:58","modified_gmt":"2019-12-11T15:53:58","slug":"rio-preso-pela-lava-jato-ex-governador-pezao-deve-deixar-a-cadeia-nesta-quarta-feira-apos-decisao-do-stj","status":"publish","type":"post","link":"https:\/\/blogdodanielgalvao.com.br\/site\/rio-preso-pela-lava-jato-ex-governador-pezao-deve-deixar-a-cadeia-nesta-quarta-feira-apos-decisao-do-stj\/","title":{"rendered":"Rio: preso pela Lava Jato, ex-governador Pez\u00e3o deve deixar a cadeia nesta quarta-feira ap\u00f3s decis\u00e3o do STJ"},"content":{"rendered":"<p class=\"p1\"><span class=\"s1\">Um dia ap\u00f3s decis\u00e3o da Sexta Turma do Superior Tribunal de Justi\u00e7a (STJ), o ex-governador do Estado, Luiz Fernando Pez\u00e3o (MDB), deve deixar a cadeia nesta quarta-feira, 11.<span class=\"Apple-converted-space\">\u00a0 <\/span>A defesa dele divulgou que estar\u00e1 no Rio para resolver a documenta\u00e7\u00e3o necess\u00e1ria para a libera\u00e7\u00e3o.<\/span><\/p>\n<p class=\"p1\"><span class=\"s1\">Preso desde novembro do ano passado, Pez\u00e3o \u00e9 r\u00e9u na Opera\u00e7\u00e3o Lava Jato no Rio de Janeiro, acusado de integrar esquema de corrup\u00e7\u00e3o chefiado pelo tamb\u00e9m ex-governador e aliado, S\u00e9rgio Cabral, de quem foi vice.<\/span><\/p>\n<p class=\"p1\"><span class=\"s1\">Votaram pela soltura de Pez\u00e3o os ministros Rog\u00e9rio Schietti (relator), Nefi Cordeiro e Laurita Vaz. Os ministros Antonio Saldanha e Sebasti\u00e3o Reis J\u00fanior se declararam impedidos \u2013 os motivos n\u00e3o foram tornados p\u00fablicos.<\/span><\/p>\n<p class=\"p1\"><span class=\"s1\">No lugar da pris\u00e3o, os ministros estipularam as seguintes medidas cautelares:<\/span><\/p>\n<ul class=\"ul1\">\n<li class=\"li1\"><span class=\"s1\">comparecer em ju\u00edzo quando chamado<\/span><\/li>\n<li class=\"li1\"><span class=\"s1\">monitoramento por tornozeleira eletr\u00f4nica<\/span><\/li>\n<li class=\"li1\"><span class=\"s1\">proibi\u00e7\u00e3o de contato com outros r\u00e9us<\/span><\/li>\n<li class=\"li1\"><span class=\"s1\">proibi\u00e7\u00e3o de ocupar cargos ou fun\u00e7\u00f5es p\u00fablicas<\/span><\/li>\n<li class=\"li1\"><span class=\"s1\">proibi\u00e7\u00e3o de deixar o Rio de Janeiro sem autoriza\u00e7\u00e3o judicial<\/span><\/li>\n<li class=\"li1\"><span class=\"s1\">comunicar o juiz qualquer opera\u00e7\u00e3o banc\u00e1ria superior a R$ 10 mil<\/span><\/li>\n<li class=\"li1\"><span class=\"s1\">recolhimento domiciliar noturno entre 20h e 6h todos os dias<\/span><\/li>\n<\/ul>\n<p class=\"p1\"><span class=\"s1\">Segundo o relator Rog\u00e9rio Schietti, n\u00e3o h\u00e1 mais raz\u00e3o para a manuten\u00e7\u00e3o da pris\u00e3o preventiva de Pez\u00e3o porque, segundo o ministro, n\u00e3o h\u00e1 riscos para o processo. Para Schietti, manter a pris\u00e3o representaria uma antecipa\u00e7\u00e3o da pena.<\/span><\/p>\n","protected":false},"excerpt":{"rendered":"<p>Um dia ap\u00f3s decis\u00e3o da Sexta Turma do Superior Tribunal de Justi\u00e7a (STJ), o ex-governador do Estado, Luiz Fernando Pez\u00e3o (MDB), deve deixar a cadeia nesta quarta-feira, 11.\u00a0 A defesa dele divulgou que estar\u00e1 no Rio para resolver a documenta\u00e7\u00e3o necess\u00e1ria para a libera\u00e7\u00e3o. Preso desde novembro do ano passado, Pez\u00e3o \u00e9 r\u00e9u na Opera\u00e7\u00e3o [&hellip;]<\/p>\n","protected":false},"author":2,"featured_media":4910,"comment_status":"open","ping_status":"open","sticky":false,"template":"","format":"standard","meta":{"footnotes":""},"categories":[60,9,14,2],"tags":[1378,1377,1379],"class_list":["post-4909","post","type-post","status-publish","format-standard","has-post-thumbnail","hentry","category-brasil","category-estado","category-geral","category-macae","tag-lava-jato-no-rio","tag-pezao-deve-deixar-a-prisao","tag-pezao-e-dr-aluizio"],"_links":{"self":[{"href":"https:\/\/blogdodanielgalvao.com.br\/site\/wp-json\/wp\/v2\/posts\/4909","targetHints":{"allow":["GET"]}}],"collection":[{"href":"https:\/\/blogdodanielgalvao.com.br\/site\/wp-json\/wp\/v2\/posts"}],"about":[{"href":"https:\/\/blogdodanielgalvao.com.br\/site\/wp-json\/wp\/v2\/types\/post"}],"author":[{"embeddable":true,"href":"https:\/\/blogdodanielgalvao.com.br\/site\/wp-json\/wp\/v2\/users\/2"}],"replies":[{"embeddable":true,"href":"https:\/\/blogdodanielgalvao.com.br\/site\/wp-json\/wp\/v2\/comments?post=4909"}],"version-history":[{"count":1,"href":"https:\/\/blogdodanielgalvao.com.br\/site\/wp-json\/wp\/v2\/posts\/4909\/revisions"}],"predecessor-version":[{"id":4911,"href":"https:\/\/blogdodanielgalvao.com.br\/site\/wp-json\/wp\/v2\/posts\/4909\/revisions\/4911"}],"wp:featuredmedia":[{"embeddable":true,"href":"https:\/\/blogdodanielgalvao.com.br\/site\/wp-json\/wp\/v2\/media\/4910"}],"wp:attachment":[{"href":"https:\/\/blogdodanielgalvao.com.br\/site\/wp-json\/wp\/v2\/media?parent=4909"}],"wp:term":[{"taxonomy":"category","embeddable":true,"href":"https:\/\/blogdodanielgalvao.com.br\/site\/wp-json\/wp\/v2\/categories?post=4909"},{"taxonomy":"post_tag","embeddable":true,"href":"https:\/\/blogdodanielgalvao.com.br\/site\/wp-json\/wp\/v2\/tags?post=4909"}],"curies":[{"name":"wp","href":"https:\/\/api.w.org\/{rel}","templated":true}]}}