{"id":4906,"date":"2019-12-11T12:28:51","date_gmt":"2019-12-11T15:28:51","guid":{"rendered":"http:\/\/blogdodanielgalvao.com.br\/site\/?p=4906"},"modified":"2019-12-11T12:28:51","modified_gmt":"2019-12-11T15:28:51","slug":"macae-secretarios-do-primeiro-escalao-confessam-desanimo-com-pre-candidatura-de-guto-garcia-nao-decola","status":"publish","type":"post","link":"https:\/\/blogdodanielgalvao.com.br\/site\/macae-secretarios-do-primeiro-escalao-confessam-desanimo-com-pre-candidatura-de-guto-garcia-nao-decola\/","title":{"rendered":"Maca\u00e9: secret\u00e1rios do primeiro escal\u00e3o confessam \u2018des\u00e2nimo\u2019 com pr\u00e9-candidatura de Guto Garcia: \u201cN\u00e3o decola\u201d"},"content":{"rendered":"<p class=\"p1\"><span class=\"s1\">O Blog conversou nos \u00faltimos dias com tr\u00eas secret\u00e1rios do primeiro escal\u00e3o do Governo Municipal sobre os movimentos pr\u00e9-eleitorais que vem sendo feitos na cidade antes da virada do ano. Em comum apenas a opini\u00e3o de que a pr\u00e9-candidatura do secret\u00e1rio de Educa\u00e7\u00e3o, Guto Garcia (PSDB), \u2018n\u00e3o decola\u2019. <\/span><\/p>\n<p class=\"p1\"><span class=\"s1\">Segundo eles, os motivos principais seriam a desarticula\u00e7\u00e3o de Guto com a classe pol\u00edtica, sobretudo, com outros secret\u00e1rios, mas, principalmente, com vereadores. Nos corredores, a not\u00edcia que corre \u00e9 que a base do Governo no Legislativo n\u00e3o \u2018engole\u2019 o secret\u00e1rio de Educa\u00e7\u00e3o que j\u00e1 teve, em plen\u00e1rio, embates acalorados com colegas que respingaram nas rela\u00e7\u00f5es nos bastidores.<\/span><\/p>\n<p class=\"p1\"><span class=\"s1\">Al\u00e9m disso, n\u00e3o \u00e9 de hoje, o descontentamento de vereadores da situa\u00e7\u00e3o com o tamanho da estrutura que o prefeito, Dr. Alu\u00edzio (PSDB), deu a Guto &#8211; remanescente do Governo Riverton Mussi -, \u00e9 motivo de cr\u00edticas, inclusive, em plen\u00e1rio. <\/span><\/p>\n<p class=\"p1\"><span class=\"s1\">Com mais de R$ 500 milh\u00f5es de or\u00e7amento no ano e com centenas de cargos comissionados \u00e0 sua disposi\u00e7\u00e3o, o filho de Marilena Garcia \u2018sobra\u2019 diante do que outros parlamentares disp\u00f5em no Governo. E isso, claro, incomoda.<\/span><\/p>\n","protected":false},"excerpt":{"rendered":"<p>O Blog conversou nos \u00faltimos dias com tr\u00eas secret\u00e1rios do primeiro escal\u00e3o do Governo Municipal sobre os movimentos pr\u00e9-eleitorais que vem sendo feitos na cidade antes da virada do ano. Em comum apenas a opini\u00e3o de que a pr\u00e9-candidatura do secret\u00e1rio de Educa\u00e7\u00e3o, Guto Garcia (PSDB), \u2018n\u00e3o decola\u2019. Segundo eles, os motivos principais seriam a [&hellip;]<\/p>\n","protected":false},"author":2,"featured_media":4907,"comment_status":"open","ping_status":"open","sticky":false,"template":"","format":"standard","meta":{"footnotes":""},"categories":[60,1292,9,14,2],"tags":[1207,1376,1291],"class_list":["post-4906","post","type-post","status-publish","format-standard","has-post-thumbnail","hentry","category-brasil","category-eleicoes-2020","category-estado","category-geral","category-macae","tag-blog-do-daniel-galvao-politica-macae","tag-guto-garcia-e-doria","tag-noticias-politicas-de-macae"],"_links":{"self":[{"href":"https:\/\/blogdodanielgalvao.com.br\/site\/wp-json\/wp\/v2\/posts\/4906","targetHints":{"allow":["GET"]}}],"collection":[{"href":"https:\/\/blogdodanielgalvao.com.br\/site\/wp-json\/wp\/v2\/posts"}],"about":[{"href":"https:\/\/blogdodanielgalvao.com.br\/site\/wp-json\/wp\/v2\/types\/post"}],"author":[{"embeddable":true,"href":"https:\/\/blogdodanielgalvao.com.br\/site\/wp-json\/wp\/v2\/users\/2"}],"replies":[{"embeddable":true,"href":"https:\/\/blogdodanielgalvao.com.br\/site\/wp-json\/wp\/v2\/comments?post=4906"}],"version-history":[{"count":1,"href":"https:\/\/blogdodanielgalvao.com.br\/site\/wp-json\/wp\/v2\/posts\/4906\/revisions"}],"predecessor-version":[{"id":4908,"href":"https:\/\/blogdodanielgalvao.com.br\/site\/wp-json\/wp\/v2\/posts\/4906\/revisions\/4908"}],"wp:featuredmedia":[{"embeddable":true,"href":"https:\/\/blogdodanielgalvao.com.br\/site\/wp-json\/wp\/v2\/media\/4907"}],"wp:attachment":[{"href":"https:\/\/blogdodanielgalvao.com.br\/site\/wp-json\/wp\/v2\/media?parent=4906"}],"wp:term":[{"taxonomy":"category","embeddable":true,"href":"https:\/\/blogdodanielgalvao.com.br\/site\/wp-json\/wp\/v2\/categories?post=4906"},{"taxonomy":"post_tag","embeddable":true,"href":"https:\/\/blogdodanielgalvao.com.br\/site\/wp-json\/wp\/v2\/tags?post=4906"}],"curies":[{"name":"wp","href":"https:\/\/api.w.org\/{rel}","templated":true}]}}