{"id":4889,"date":"2019-12-05T14:02:18","date_gmt":"2019-12-05T17:02:18","guid":{"rendered":"http:\/\/blogdodanielgalvao.com.br\/site\/?p=4889"},"modified":"2019-12-05T14:02:18","modified_gmt":"2019-12-05T17:02:18","slug":"macae-vereador-revela-que-secretario-de-relacoes-institucionais-pediu-para-ser-vice-na-chapa-de-welberth-desespero","status":"publish","type":"post","link":"https:\/\/blogdodanielgalvao.com.br\/site\/macae-vereador-revela-que-secretario-de-relacoes-institucionais-pediu-para-ser-vice-na-chapa-de-welberth-desespero\/","title":{"rendered":"Maca\u00e9: vereador revela que secret\u00e1rio de Rela\u00e7\u00f5es Institucionais pediu para ser vice na chapa de Welberth. Desespero?!"},"content":{"rendered":"<p class=\"p1\"><span class=\"s1\">Uma fonte do Blog na C\u00e2mara informou que antes da sess\u00e3o de ontem, 4, um vereador gra\u00fado fez uma revela\u00e7\u00e3o, no m\u00ednimo, curiosa na sala do caf\u00e9zinho: o secret\u00e1rio de Rela\u00e7\u00f5es Institucionais, L\u00e9o Gomes, pediu para ser vice na chapa que ser\u00e1 encabe\u00e7ada pelo deputado estadual, Welberth (Cidadania), em 2020.<\/span><\/p>\n<p class=\"p1\"><span class=\"s1\">O pedido foi contado em meio aos risos. Isso porque, al\u00e9m da falta de musculatura pol\u00edtica para pleitear a posi\u00e7\u00e3o, L\u00e9o Gomes foi um dos maiores cr\u00edticos de Welberth ao longo dos \u00faltimos anos. Contudo, a leitura feita nos bastidores \u00e9 simples: o pr\u00f3prio Governo n\u00e3o acredita na pr\u00e9-candidatura de Guto Garcia e membros do primeiro escal\u00e3o buscam caminhos alternativos para sobreviver a partir de 2021.<\/span><\/p>\n<p class=\"p1\"><span class=\"s1\">Ali\u00e1s, a mesma fonte do Blog revelou que o secret\u00e1rio de Educa\u00e7\u00e3o de fato enfrenta resist\u00eancia entre os parlamentares. Isso porque, algumas rusgas foram conquistadas no per\u00edodo em que o vereador licenciado esteve exercendo o mandato e permanecem at\u00e9 hoje, entende?!<\/span><\/p>\n","protected":false},"excerpt":{"rendered":"<p>Uma fonte do Blog na C\u00e2mara informou que antes da sess\u00e3o de ontem, 4, um vereador gra\u00fado fez uma revela\u00e7\u00e3o, no m\u00ednimo, curiosa na sala do caf\u00e9zinho: o secret\u00e1rio de Rela\u00e7\u00f5es Institucionais, L\u00e9o Gomes, pediu para ser vice na chapa que ser\u00e1 encabe\u00e7ada pelo deputado estadual, Welberth (Cidadania), em 2020. O pedido foi contado em [&hellip;]<\/p>\n","protected":false},"author":2,"featured_media":4890,"comment_status":"open","ping_status":"open","sticky":false,"template":"","format":"standard","meta":{"footnotes":""},"categories":[60,1292,9,14,2],"tags":[1207,1367,25,1291],"class_list":["post-4889","post","type-post","status-publish","format-standard","has-post-thumbnail","hentry","category-brasil","category-eleicoes-2020","category-estado","category-geral","category-macae","tag-blog-do-daniel-galvao-politica-macae","tag-guto-garcia-e-thales","tag-leo-gomes","tag-noticias-politicas-de-macae"],"_links":{"self":[{"href":"https:\/\/blogdodanielgalvao.com.br\/site\/wp-json\/wp\/v2\/posts\/4889","targetHints":{"allow":["GET"]}}],"collection":[{"href":"https:\/\/blogdodanielgalvao.com.br\/site\/wp-json\/wp\/v2\/posts"}],"about":[{"href":"https:\/\/blogdodanielgalvao.com.br\/site\/wp-json\/wp\/v2\/types\/post"}],"author":[{"embeddable":true,"href":"https:\/\/blogdodanielgalvao.com.br\/site\/wp-json\/wp\/v2\/users\/2"}],"replies":[{"embeddable":true,"href":"https:\/\/blogdodanielgalvao.com.br\/site\/wp-json\/wp\/v2\/comments?post=4889"}],"version-history":[{"count":1,"href":"https:\/\/blogdodanielgalvao.com.br\/site\/wp-json\/wp\/v2\/posts\/4889\/revisions"}],"predecessor-version":[{"id":4891,"href":"https:\/\/blogdodanielgalvao.com.br\/site\/wp-json\/wp\/v2\/posts\/4889\/revisions\/4891"}],"wp:featuredmedia":[{"embeddable":true,"href":"https:\/\/blogdodanielgalvao.com.br\/site\/wp-json\/wp\/v2\/media\/4890"}],"wp:attachment":[{"href":"https:\/\/blogdodanielgalvao.com.br\/site\/wp-json\/wp\/v2\/media?parent=4889"}],"wp:term":[{"taxonomy":"category","embeddable":true,"href":"https:\/\/blogdodanielgalvao.com.br\/site\/wp-json\/wp\/v2\/categories?post=4889"},{"taxonomy":"post_tag","embeddable":true,"href":"https:\/\/blogdodanielgalvao.com.br\/site\/wp-json\/wp\/v2\/tags?post=4889"}],"curies":[{"name":"wp","href":"https:\/\/api.w.org\/{rel}","templated":true}]}}