{"id":4876,"date":"2019-12-04T17:42:12","date_gmt":"2019-12-04T20:42:12","guid":{"rendered":"http:\/\/blogdodanielgalvao.com.br\/site\/?p=4876"},"modified":"2019-12-04T17:43:23","modified_gmt":"2019-12-04T20:43:23","slug":"macae-camara-sinaliza-ao-governo-e-apenas-6-dos-17-vereadores-participam-de-almoco-com-guto-garcia","status":"publish","type":"post","link":"https:\/\/blogdodanielgalvao.com.br\/site\/macae-camara-sinaliza-ao-governo-e-apenas-6-dos-17-vereadores-participam-de-almoco-com-guto-garcia\/","title":{"rendered":"Maca\u00e9: C\u00e2mara sinaliza ao Governo e apenas 6 dos 17 vereadores participam de almo\u00e7o com Guto Garcia"},"content":{"rendered":"<p class=\"p1\"><span class=\"s1\">Conforme o Blog antecipou (leia <a href=\"https:\/\/blogdodanielgalvao.com.br\/site\/macae-a-pedido-de-guto-dr-aluizio-reune-secretarios-diz-que-nao-fara-campanha-para-ninguem-e-nem-permitira-o-uso-da-maquina-na-disputa\/\">aqui<\/a>), o secret\u00e1rio de Educa\u00e7\u00e3o e pr\u00e9-candidato a prefeito, Guto Garcia, almo\u00e7ou com vereadores hoje, 4, em busca de costurar apoios para a disputa sucess\u00f3ria do ano que vem.<\/span><\/p>\n<p class=\"p1\"><span class=\"s1\">Contudo, fontes do Blog tamb\u00e9m informaram que apenas 6 dos 17 vereadores atenderam ao convite. Contudo, vale ressaltar, que dois deles s\u00e3o suplentes que ocupam atualmente a cadeira dos titulares &#8211; que est\u00e3o comandando secretarias. <\/span><\/p>\n<p class=\"p1\"><span class=\"s1\">O almo\u00e7o de hoje estava programado, inicialmente, para acontecer amanh\u00e3. Entretanto, depois da reuni\u00e3o de ontem com o prefeito, Dr. Aluizio (PSDB), que reafirmou que a chapa do Governo est\u00e1 apresentada, mas que n\u00e3o far\u00e1 campanha para ningu\u00e9m e n\u00e3o permitir\u00e1 o uso da m\u00e1quina no processo eleitoral, Guto decidiu apressar o encontro com os vereadores.<\/span><\/p>\n<p class=\"p1\"><span class=\"s1\">Al\u00e9m da baixa ades\u00e3o ao almo\u00e7o no Ilhote Sul, o clima \u00e0 mesa entre os vereadores e o secret\u00e1rio de Educa\u00e7\u00e3o foi frio.<\/span><\/p>\n","protected":false},"excerpt":{"rendered":"<p>Conforme o Blog antecipou (leia aqui), o secret\u00e1rio de Educa\u00e7\u00e3o e pr\u00e9-candidato a prefeito, Guto Garcia, almo\u00e7ou com vereadores hoje, 4, em busca de costurar apoios para a disputa sucess\u00f3ria do ano que vem. Contudo, fontes do Blog tamb\u00e9m informaram que apenas 6 dos 17 vereadores atenderam ao convite. Contudo, vale ressaltar, que dois deles [&hellip;]<\/p>\n","protected":false},"author":2,"featured_media":4878,"comment_status":"open","ping_status":"open","sticky":false,"template":"","format":"standard","meta":{"footnotes":""},"categories":[60,1292,9,14,2],"tags":[1207,1369,1370,1291],"class_list":["post-4876","post","type-post","status-publish","format-standard","has-post-thumbnail","hentry","category-brasil","category-eleicoes-2020","category-estado","category-geral","category-macae","tag-blog-do-daniel-galvao-politica-macae","tag-guto-garcia-almoco-com-vereadores","tag-ilhote-sul-macae","tag-noticias-politicas-de-macae"],"_links":{"self":[{"href":"https:\/\/blogdodanielgalvao.com.br\/site\/wp-json\/wp\/v2\/posts\/4876","targetHints":{"allow":["GET"]}}],"collection":[{"href":"https:\/\/blogdodanielgalvao.com.br\/site\/wp-json\/wp\/v2\/posts"}],"about":[{"href":"https:\/\/blogdodanielgalvao.com.br\/site\/wp-json\/wp\/v2\/types\/post"}],"author":[{"embeddable":true,"href":"https:\/\/blogdodanielgalvao.com.br\/site\/wp-json\/wp\/v2\/users\/2"}],"replies":[{"embeddable":true,"href":"https:\/\/blogdodanielgalvao.com.br\/site\/wp-json\/wp\/v2\/comments?post=4876"}],"version-history":[{"count":2,"href":"https:\/\/blogdodanielgalvao.com.br\/site\/wp-json\/wp\/v2\/posts\/4876\/revisions"}],"predecessor-version":[{"id":4880,"href":"https:\/\/blogdodanielgalvao.com.br\/site\/wp-json\/wp\/v2\/posts\/4876\/revisions\/4880"}],"wp:featuredmedia":[{"embeddable":true,"href":"https:\/\/blogdodanielgalvao.com.br\/site\/wp-json\/wp\/v2\/media\/4878"}],"wp:attachment":[{"href":"https:\/\/blogdodanielgalvao.com.br\/site\/wp-json\/wp\/v2\/media?parent=4876"}],"wp:term":[{"taxonomy":"category","embeddable":true,"href":"https:\/\/blogdodanielgalvao.com.br\/site\/wp-json\/wp\/v2\/categories?post=4876"},{"taxonomy":"post_tag","embeddable":true,"href":"https:\/\/blogdodanielgalvao.com.br\/site\/wp-json\/wp\/v2\/tags?post=4876"}],"curies":[{"name":"wp","href":"https:\/\/api.w.org\/{rel}","templated":true}]}}