{"id":4840,"date":"2019-11-26T12:14:46","date_gmt":"2019-11-26T15:14:46","guid":{"rendered":"http:\/\/blogdodanielgalvao.com.br\/site\/?p=4840"},"modified":"2019-11-26T12:16:14","modified_gmt":"2019-11-26T15:16:14","slug":"macae-empresa-escolhida-pelo-prefeito-para-prestar-servicos-oncologicos-no-hpm-pertence-a-dono-de-jornal-de-campos","status":"publish","type":"post","link":"https:\/\/blogdodanielgalvao.com.br\/site\/macae-empresa-escolhida-pelo-prefeito-para-prestar-servicos-oncologicos-no-hpm-pertence-a-dono-de-jornal-de-campos\/","title":{"rendered":"Maca\u00e9: empresa escolhida pelo prefeito para prestar servi\u00e7os oncol\u00f3gicos no HPM pertence a dono de jornal de Campos"},"content":{"rendered":"<p class=\"p1\"><span class=\"s1\">A pol\u00eamica em torno do PL da Oncologia, de autoria do Governo Municipal e que pretende contratar uma Unacom para prestar servi\u00e7os de quimioterapia no HPM, teve mais alguns cap\u00edtulos nos \u00faltimos dias. <\/span><\/p>\n<p class=\"p1\"><span class=\"s1\">A proposta ganhou destaque mais uma vez na sess\u00e3o desta ter\u00e7a-feira, 26, na C\u00e2mara. No entanto, uma entrevista de p\u00e1gina inteira no jornal Terceira Via, de Campos, com o prefeito, Dr. Alu\u00edzio (PSDB), exaltando a suposta recupera\u00e7\u00e3o da crise, chamou a aten\u00e7\u00e3o. <\/span><\/p>\n<p class=\"p1\"><span class=\"s1\">Isso porque, a mat\u00e9ria publicada esta semana, \u2018coincide\u2019 com a vota\u00e7\u00e3o da proposta. Outra \u2018coincid\u00eancia\u2019 \u00e9 que a empresa escolhida pelo prefeito para ser contratada pela Prefeitura para prestar o servi\u00e7o de quimioterapia pertence (pasmem!) ao dono do jornal. <\/span><\/p>\n<p class=\"p1\"><span class=\"s1\"><a href=\"https:\/\/blogdodanielgalvao.com.br\/site\/wp-content\/uploads\/2019\/11\/2F437CB4-3D60-40DE-9F34-04CB504CE1E5.jpeg\"><img loading=\"lazy\" decoding=\"async\" class=\"alignright size-thumbnail wp-image-4842\" src=\"https:\/\/blogdodanielgalvao.com.br\/site\/wp-content\/uploads\/2019\/11\/2F437CB4-3D60-40DE-9F34-04CB504CE1E5-150x150.jpeg\" alt=\"\" width=\"150\" height=\"150\" srcset=\"https:\/\/blogdodanielgalvao.com.br\/site\/wp-content\/uploads\/2019\/11\/2F437CB4-3D60-40DE-9F34-04CB504CE1E5-150x150.jpeg 150w, https:\/\/blogdodanielgalvao.com.br\/site\/wp-content\/uploads\/2019\/11\/2F437CB4-3D60-40DE-9F34-04CB504CE1E5-50x50.jpeg 50w\" sizes=\"auto, (max-width: 150px) 100vw, 150px\" \/><\/a>A situa\u00e7\u00e3o foi denunciada por Maxwell Vaz (SD). Ainda segundo o vereador, o empres\u00e1rio que ser\u00e1 beneficiado pela escolha do prefeito, caso os vereadores aprovem a proposta amanh\u00e3, \u00e9 um ativista pol\u00edtico e responde a processos, inclusive, eleitorais. <\/span><\/p>\n","protected":false},"excerpt":{"rendered":"<p>A pol\u00eamica em torno do PL da Oncologia, de autoria do Governo Municipal e que pretende contratar uma Unacom para prestar servi\u00e7os de quimioterapia no HPM, teve mais alguns cap\u00edtulos nos \u00faltimos dias. A proposta ganhou destaque mais uma vez na sess\u00e3o desta ter\u00e7a-feira, 26, na C\u00e2mara. No entanto, uma entrevista de p\u00e1gina inteira no [&hellip;]<\/p>\n","protected":false},"author":2,"featured_media":4844,"comment_status":"open","ping_status":"open","sticky":false,"template":"","format":"standard","meta":{"footnotes":""},"categories":[60,9,14,2],"tags":[1207,1357,1291,1353],"class_list":["post-4840","post","type-post","status-publish","format-standard","has-post-thumbnail","hentry","category-brasil","category-estado","category-geral","category-macae","tag-blog-do-daniel-galvao-politica-macae","tag-jornal-terceira-via","tag-noticias-politicas-de-macae","tag-oncologia-em-macae"],"_links":{"self":[{"href":"https:\/\/blogdodanielgalvao.com.br\/site\/wp-json\/wp\/v2\/posts\/4840","targetHints":{"allow":["GET"]}}],"collection":[{"href":"https:\/\/blogdodanielgalvao.com.br\/site\/wp-json\/wp\/v2\/posts"}],"about":[{"href":"https:\/\/blogdodanielgalvao.com.br\/site\/wp-json\/wp\/v2\/types\/post"}],"author":[{"embeddable":true,"href":"https:\/\/blogdodanielgalvao.com.br\/site\/wp-json\/wp\/v2\/users\/2"}],"replies":[{"embeddable":true,"href":"https:\/\/blogdodanielgalvao.com.br\/site\/wp-json\/wp\/v2\/comments?post=4840"}],"version-history":[{"count":1,"href":"https:\/\/blogdodanielgalvao.com.br\/site\/wp-json\/wp\/v2\/posts\/4840\/revisions"}],"predecessor-version":[{"id":4843,"href":"https:\/\/blogdodanielgalvao.com.br\/site\/wp-json\/wp\/v2\/posts\/4840\/revisions\/4843"}],"wp:featuredmedia":[{"embeddable":true,"href":"https:\/\/blogdodanielgalvao.com.br\/site\/wp-json\/wp\/v2\/media\/4844"}],"wp:attachment":[{"href":"https:\/\/blogdodanielgalvao.com.br\/site\/wp-json\/wp\/v2\/media?parent=4840"}],"wp:term":[{"taxonomy":"category","embeddable":true,"href":"https:\/\/blogdodanielgalvao.com.br\/site\/wp-json\/wp\/v2\/categories?post=4840"},{"taxonomy":"post_tag","embeddable":true,"href":"https:\/\/blogdodanielgalvao.com.br\/site\/wp-json\/wp\/v2\/tags?post=4840"}],"curies":[{"name":"wp","href":"https:\/\/api.w.org\/{rel}","templated":true}]}}