{"id":4834,"date":"2019-11-20T09:14:32","date_gmt":"2019-11-20T12:14:32","guid":{"rendered":"http:\/\/blogdodanielgalvao.com.br\/site\/?p=4834"},"modified":"2019-11-20T09:23:20","modified_gmt":"2019-11-20T12:23:20","slug":"macae-apos-7-anos-dr-aluizio-reconhece-que-deixou-quase-18-mil-doentes-de-cancer-viajar-todos-os-dias-para-se-tratar-em-campos","status":"publish","type":"post","link":"https:\/\/blogdodanielgalvao.com.br\/site\/macae-apos-7-anos-dr-aluizio-reconhece-que-deixou-quase-18-mil-doentes-de-cancer-viajar-todos-os-dias-para-se-tratar-em-campos\/","title":{"rendered":"Maca\u00e9: ap\u00f3s 7 anos, Dr. Alu\u00edzio \u2018reconhece\u2019 que deixou quase 18 mil doentes de c\u00e2ncer viajar todos os dias para se tratar em Campos"},"content":{"rendered":"<p class=\"p1\"><span class=\"s1\">Por 8 a 7, a C\u00e2mara aprovou ontem, 19, a tramita\u00e7\u00e3o em regime de urg\u00eancia do PL do Executivo pedindo autoriza\u00e7\u00e3o aos vereadores para que o munic\u00edpio celebre conv\u00eanio com uma Unacom (Unidade de Assist\u00eancia de Alta Complexidade) para que pacientes de c\u00e2ncer de Maca\u00e9 passem a receber tratamento no HPM &#8211; al\u00e9m do que \u00e9 oferecido no S\u00e3o Jo\u00e3o Batista. <\/span><\/p>\n<p class=\"p1\"><span class=\"s1\">M\u00e9dico, o prefeito, Dr. Alu\u00edzio (PSDB), tem o assunto como prioridade. Ao menos agora. Isso porque, no Twitter, o chefe do Executivo apresentou na manh\u00e3 de hoje uma conta que dep\u00f5e contra a in\u00e9rcia do Governo Municipal ao longo dos \u00faltimos 7 anos em sua pr\u00f3pria gest\u00e3o. <\/span><\/p>\n<p class=\"p1\"><span class=\"s1\">Segundo ele, demonstrando certa irrita\u00e7\u00e3o com o placar apertado da vota\u00e7\u00e3o que autorizou a tramita\u00e7\u00e3o em regime de urg\u00eancia da mat\u00e9ria, todos os dias 74 pessoas viajam de Maca\u00e9 para Campos para serem submetidas \u00e0s sess\u00f5es de quimioterapia. <\/span><\/p>\n<p class=\"p1\"><span class=\"s1\"><a href=\"https:\/\/blogdodanielgalvao.com.br\/site\/wp-content\/uploads\/2019\/11\/7CFAA408-B3F0-485F-843B-1F97B95473AF.jpeg\"><img loading=\"lazy\" decoding=\"async\" class=\"alignright size-thumbnail wp-image-4835\" src=\"https:\/\/blogdodanielgalvao.com.br\/site\/wp-content\/uploads\/2019\/11\/7CFAA408-B3F0-485F-843B-1F97B95473AF-150x150.jpeg\" alt=\"\" width=\"150\" height=\"150\" srcset=\"https:\/\/blogdodanielgalvao.com.br\/site\/wp-content\/uploads\/2019\/11\/7CFAA408-B3F0-485F-843B-1F97B95473AF-150x150.jpeg 150w, https:\/\/blogdodanielgalvao.com.br\/site\/wp-content\/uploads\/2019\/11\/7CFAA408-B3F0-485F-843B-1F97B95473AF-50x50.jpeg 50w\" sizes=\"auto, (max-width: 150px) 100vw, 150px\" \/><\/a>O prefeito ainda tentou explicar o que \u00e9 Unacom &#8211; apesar de ignorar as den\u00fancias e investiga\u00e7\u00f5es do MP que pairam sobre a empresa credenciada pelo programa e que ser\u00e1 a conveniada com a Prefeitura para realizar os atendimentos na cidade. <\/span><\/p>\n<p class=\"p1\"><span class=\"s1\">O Blog fez as contas: em 7 anos de mandato como prefeito, tempo em que Dr. Alu\u00edzio demorou para dar aten\u00e7\u00e3o ao mart\u00edrio dessas pessoas, quase 18 mil pacientes foram obrigados a pegar estrada pelo menos 5 vezes por semana para buscar tratamento.<\/span><\/p>\n<p>E mais: alguns vereadores, ao defenderem a urg\u00eancia da mat\u00e9ria ontem, disseram que o prefeito sequer precisaria ter enviado mensagem \u00e0 C\u00e2mara para agir neste sentido por haver a exist\u00eancia de legisla\u00e7\u00e3o espec\u00edfica que respalda o Governo a tomar as medidas. Em outras palavras, ele poderia ter feito antes se quisesse.<\/p>\n<p class=\"p1\"><span class=\"s1\">Como o pr\u00f3prio prefeito disse no Twitter, desconhecer essa realidade \u00e9 \u2018repugnante\u2019, n\u00e9 n\u00e3o?!<\/span><\/p>\n","protected":false},"excerpt":{"rendered":"<p>Por 8 a 7, a C\u00e2mara aprovou ontem, 19, a tramita\u00e7\u00e3o em regime de urg\u00eancia do PL do Executivo pedindo autoriza\u00e7\u00e3o aos vereadores para que o munic\u00edpio celebre conv\u00eanio com uma Unacom (Unidade de Assist\u00eancia de Alta Complexidade) para que pacientes de c\u00e2ncer de Maca\u00e9 passem a receber tratamento no HPM &#8211; al\u00e9m do que [&hellip;]<\/p>\n","protected":false},"author":2,"featured_media":4836,"comment_status":"open","ping_status":"open","sticky":false,"template":"","format":"standard","meta":{"footnotes":""},"categories":[60,9,14,2],"tags":[1207,1356,1291,1353,1355],"class_list":["post-4834","post","type-post","status-publish","format-standard","has-post-thumbnail","hentry","category-brasil","category-estado","category-geral","category-macae","tag-blog-do-daniel-galvao-politica-macae","tag-hpm-macae","tag-noticias-politicas-de-macae","tag-oncologia-em-macae","tag-unacom-em-macae"],"_links":{"self":[{"href":"https:\/\/blogdodanielgalvao.com.br\/site\/wp-json\/wp\/v2\/posts\/4834","targetHints":{"allow":["GET"]}}],"collection":[{"href":"https:\/\/blogdodanielgalvao.com.br\/site\/wp-json\/wp\/v2\/posts"}],"about":[{"href":"https:\/\/blogdodanielgalvao.com.br\/site\/wp-json\/wp\/v2\/types\/post"}],"author":[{"embeddable":true,"href":"https:\/\/blogdodanielgalvao.com.br\/site\/wp-json\/wp\/v2\/users\/2"}],"replies":[{"embeddable":true,"href":"https:\/\/blogdodanielgalvao.com.br\/site\/wp-json\/wp\/v2\/comments?post=4834"}],"version-history":[{"count":2,"href":"https:\/\/blogdodanielgalvao.com.br\/site\/wp-json\/wp\/v2\/posts\/4834\/revisions"}],"predecessor-version":[{"id":4838,"href":"https:\/\/blogdodanielgalvao.com.br\/site\/wp-json\/wp\/v2\/posts\/4834\/revisions\/4838"}],"wp:featuredmedia":[{"embeddable":true,"href":"https:\/\/blogdodanielgalvao.com.br\/site\/wp-json\/wp\/v2\/media\/4836"}],"wp:attachment":[{"href":"https:\/\/blogdodanielgalvao.com.br\/site\/wp-json\/wp\/v2\/media?parent=4834"}],"wp:term":[{"taxonomy":"category","embeddable":true,"href":"https:\/\/blogdodanielgalvao.com.br\/site\/wp-json\/wp\/v2\/categories?post=4834"},{"taxonomy":"post_tag","embeddable":true,"href":"https:\/\/blogdodanielgalvao.com.br\/site\/wp-json\/wp\/v2\/tags?post=4834"}],"curies":[{"name":"wp","href":"https:\/\/api.w.org\/{rel}","templated":true}]}}