{"id":4799,"date":"2019-11-07T17:43:37","date_gmt":"2019-11-07T20:43:37","guid":{"rendered":"http:\/\/blogdodanielgalvao.com.br\/site\/?p=4799"},"modified":"2019-11-07T17:45:02","modified_gmt":"2019-11-07T20:45:02","slug":"macae-camara-aprova-projeto-que-obriga-que-pais-apresentem-caderneta-de-vacinacao-na-hora-de-matricular-filhos-nas-escolas","status":"publish","type":"post","link":"https:\/\/blogdodanielgalvao.com.br\/site\/macae-camara-aprova-projeto-que-obriga-que-pais-apresentem-caderneta-de-vacinacao-na-hora-de-matricular-filhos-nas-escolas\/","title":{"rendered":"Maca\u00e9: C\u00e2mara aprova projeto que obriga que pais apresentem caderneta de vacina\u00e7\u00e3o na hora de matricular filhos nas escolas"},"content":{"rendered":"<p class=\"p1\"><span class=\"s1\">A C\u00e2mara aprovou esta semana, por unanimidade, o Projeto de Lei 017\/2019, de autoria de Robson Oliveira (PSDB), que prev\u00ea a obrigatoriedade da apresenta\u00e7\u00e3o da caderneta de vacina\u00e7\u00e3o de crian\u00e7as no ato da matr\u00edcula escolar em toda a rede p\u00fablica e particular de ensino de Maca\u00e9.<\/span><\/p>\n<p class=\"p1\"><span class=\"s1\">A iniciativa, de acordo com ele, pretende colaborar com as campanhas de vacina\u00e7\u00e3o que est\u00e3o perdendo ades\u00e3o em todo o pa\u00eds. Como resultado, muitas doen\u00e7as est\u00e3o voltando a se manifestar. \u201cEssa \u00e9 uma forma de acompanhar de perto e manter em ordem a vacina\u00e7\u00e3o das crian\u00e7as e adolescentes, atrav\u00e9s da preven\u00e7\u00e3o\u201d, explicou. <\/span><\/p>\n<p class=\"p1\"><span class=\"s1\">Contudo, vale ressaltar, que caso os pais ou respons\u00e1veis n\u00e3o apresentem a carteira de vacina\u00e7\u00e3o, a matr\u00edcula ser\u00e1 feita da mesma forma. Entretanto, o Conselho Tutelar passar\u00e1 a acompanhar os casos, dentro de um prazo de 30 dias, com o objetivo de regularizar as vacinas consideradas obrigat\u00f3rias.<\/span><\/p>\n<p class=\"p1\"><span class=\"s1\">A proposta de Robson, pioneira na regi\u00e3o, foi bastante elogiada por outros vereadores. O texto agora seguir\u00e1 para a san\u00e7\u00e3o do prefeito, Dr. Alu\u00edzio (PSDB).<\/span><\/p>\n","protected":false},"excerpt":{"rendered":"<p>A C\u00e2mara aprovou esta semana, por unanimidade, o Projeto de Lei 017\/2019, de autoria de Robson Oliveira (PSDB), que prev\u00ea a obrigatoriedade da apresenta\u00e7\u00e3o da caderneta de vacina\u00e7\u00e3o de crian\u00e7as no ato da matr\u00edcula escolar em toda a rede p\u00fablica e particular de ensino de Maca\u00e9. A iniciativa, de acordo com ele, pretende colaborar com [&hellip;]<\/p>\n","protected":false},"author":2,"featured_media":4802,"comment_status":"open","ping_status":"open","sticky":false,"template":"","format":"standard","meta":{"footnotes":""},"categories":[60,9,14,2],"tags":[1207,1291,1338],"class_list":["post-4799","post","type-post","status-publish","format-standard","has-post-thumbnail","hentry","category-brasil","category-estado","category-geral","category-macae","tag-blog-do-daniel-galvao-politica-macae","tag-noticias-politicas-de-macae","tag-robson-oliveira-caderneta-de-vacinacao"],"_links":{"self":[{"href":"https:\/\/blogdodanielgalvao.com.br\/site\/wp-json\/wp\/v2\/posts\/4799","targetHints":{"allow":["GET"]}}],"collection":[{"href":"https:\/\/blogdodanielgalvao.com.br\/site\/wp-json\/wp\/v2\/posts"}],"about":[{"href":"https:\/\/blogdodanielgalvao.com.br\/site\/wp-json\/wp\/v2\/types\/post"}],"author":[{"embeddable":true,"href":"https:\/\/blogdodanielgalvao.com.br\/site\/wp-json\/wp\/v2\/users\/2"}],"replies":[{"embeddable":true,"href":"https:\/\/blogdodanielgalvao.com.br\/site\/wp-json\/wp\/v2\/comments?post=4799"}],"version-history":[{"count":1,"href":"https:\/\/blogdodanielgalvao.com.br\/site\/wp-json\/wp\/v2\/posts\/4799\/revisions"}],"predecessor-version":[{"id":4801,"href":"https:\/\/blogdodanielgalvao.com.br\/site\/wp-json\/wp\/v2\/posts\/4799\/revisions\/4801"}],"wp:featuredmedia":[{"embeddable":true,"href":"https:\/\/blogdodanielgalvao.com.br\/site\/wp-json\/wp\/v2\/media\/4802"}],"wp:attachment":[{"href":"https:\/\/blogdodanielgalvao.com.br\/site\/wp-json\/wp\/v2\/media?parent=4799"}],"wp:term":[{"taxonomy":"category","embeddable":true,"href":"https:\/\/blogdodanielgalvao.com.br\/site\/wp-json\/wp\/v2\/categories?post=4799"},{"taxonomy":"post_tag","embeddable":true,"href":"https:\/\/blogdodanielgalvao.com.br\/site\/wp-json\/wp\/v2\/tags?post=4799"}],"curies":[{"name":"wp","href":"https:\/\/api.w.org\/{rel}","templated":true}]}}