{"id":4793,"date":"2019-11-07T12:49:14","date_gmt":"2019-11-07T15:49:14","guid":{"rendered":"http:\/\/blogdodanielgalvao.com.br\/site\/?p=4793"},"modified":"2019-11-07T12:52:04","modified_gmt":"2019-11-07T15:52:04","slug":"carapebus-de-olho-em-2020-integrante-do-g6-intermedia-apoio-de-amaro-fernandes-a-eduardo-cordeiro-e-aposta-na-velha-politica","status":"publish","type":"post","link":"https:\/\/blogdodanielgalvao.com.br\/site\/carapebus-de-olho-em-2020-integrante-do-g6-intermedia-apoio-de-amaro-fernandes-a-eduardo-cordeiro-e-aposta-na-velha-politica\/","title":{"rendered":"Carapebus: de olho em 2020, integrante do \u2018G6\u2019 intermedia acordo entre Amaro Fernandes e Eduardo Cordeiro e aposta na \u2018velha pol\u00edtica\u2019"},"content":{"rendered":"<p class=\"p1\"><span class=\"s1\">Diz um ditado popular conhecido que \u2018uma imagem vale mais que mil palavras\u2019. E, em Carapebus, o refr\u00e3o ganha ainda mais sentido quando na mesma mesa est\u00e3o sentados dois representantes da chamada \u2018velha pol\u00edtica\u2019. Amaro Fernandes (PRB) e Eduardo Cordeiro (PP) alinhavam parceria pensando em 2020.<\/span><\/p>\n<p class=\"p1\"><span class=\"s1\">Contudo, o pior de tudo \u00e9 que o articulador do encontro \u00e9 Marquinhos Pacato (MDB) &#8211; integrante do \u2018G6\u2019 &#8211; grupo de vereadores que juravam de p\u00e9s juntos que seriam a alternativa pol\u00edtica para o sofrido povo carapebuense. Na foto aparecem ainda Junior Fernandes e Marcelo Cabide.<\/span><\/p>\n<p class=\"p1\"><span class=\"s1\">Entretanto, o parlamentar &#8211; que at\u00e9 outro dia fazia cr\u00edticas severas ao \u2018modus operandi\u2019 do Governo Cordeiro, parece ter mudado de ideia. Fontes do Blog afirmam que, assim como em Maca\u00e9, em Carapebus poucos resistem ao caf\u00e9 oferecido por Eduardo. Ser\u00e1?!<\/span><\/p>\n","protected":false},"excerpt":{"rendered":"<p>Diz um ditado popular conhecido que \u2018uma imagem vale mais que mil palavras\u2019. E, em Carapebus, o refr\u00e3o ganha ainda mais sentido quando na mesma mesa est\u00e3o sentados dois representantes da chamada \u2018velha pol\u00edtica\u2019. Amaro Fernandes (PRB) e Eduardo Cordeiro (PP) alinhavam parceria pensando em 2020. Contudo, o pior de tudo \u00e9 que o articulador [&hellip;]<\/p>\n","protected":false},"author":2,"featured_media":4794,"comment_status":"open","ping_status":"open","sticky":false,"template":"","format":"standard","meta":{"footnotes":""},"categories":[60,7,1292,9,14],"tags":[242,1202,139,498,1336,1337],"class_list":["post-4793","post","type-post","status-publish","format-standard","has-post-thumbnail","hentry","category-brasil","category-carapebus","category-eleicoes-2020","category-estado","category-geral","tag-amaro-fernandes","tag-blog-do-daniel-galvao-politica","tag-carapebus","tag-eduardo-cordeiro","tag-marquinhos-pacato","tag-noticias-politicas-de-carapebus"],"_links":{"self":[{"href":"https:\/\/blogdodanielgalvao.com.br\/site\/wp-json\/wp\/v2\/posts\/4793","targetHints":{"allow":["GET"]}}],"collection":[{"href":"https:\/\/blogdodanielgalvao.com.br\/site\/wp-json\/wp\/v2\/posts"}],"about":[{"href":"https:\/\/blogdodanielgalvao.com.br\/site\/wp-json\/wp\/v2\/types\/post"}],"author":[{"embeddable":true,"href":"https:\/\/blogdodanielgalvao.com.br\/site\/wp-json\/wp\/v2\/users\/2"}],"replies":[{"embeddable":true,"href":"https:\/\/blogdodanielgalvao.com.br\/site\/wp-json\/wp\/v2\/comments?post=4793"}],"version-history":[{"count":4,"href":"https:\/\/blogdodanielgalvao.com.br\/site\/wp-json\/wp\/v2\/posts\/4793\/revisions"}],"predecessor-version":[{"id":4798,"href":"https:\/\/blogdodanielgalvao.com.br\/site\/wp-json\/wp\/v2\/posts\/4793\/revisions\/4798"}],"wp:featuredmedia":[{"embeddable":true,"href":"https:\/\/blogdodanielgalvao.com.br\/site\/wp-json\/wp\/v2\/media\/4794"}],"wp:attachment":[{"href":"https:\/\/blogdodanielgalvao.com.br\/site\/wp-json\/wp\/v2\/media?parent=4793"}],"wp:term":[{"taxonomy":"category","embeddable":true,"href":"https:\/\/blogdodanielgalvao.com.br\/site\/wp-json\/wp\/v2\/categories?post=4793"},{"taxonomy":"post_tag","embeddable":true,"href":"https:\/\/blogdodanielgalvao.com.br\/site\/wp-json\/wp\/v2\/tags?post=4793"}],"curies":[{"name":"wp","href":"https:\/\/api.w.org\/{rel}","templated":true}]}}