{"id":4656,"date":"2019-10-05T09:34:32","date_gmt":"2019-10-05T12:34:32","guid":{"rendered":"http:\/\/blogdodanielgalvao.com.br\/site\/?p=4656"},"modified":"2019-10-05T09:34:32","modified_gmt":"2019-10-05T12:34:32","slug":"cabo-frio-suspeitas-de-desvio-de-verbas-da-educacao-sao-denunciadas-ao-ministerio-publico-federal-por-rafael-pecanha","status":"publish","type":"post","link":"https:\/\/blogdodanielgalvao.com.br\/site\/cabo-frio-suspeitas-de-desvio-de-verbas-da-educacao-sao-denunciadas-ao-ministerio-publico-federal-por-rafael-pecanha\/","title":{"rendered":"Cabo Frio: suspeitas de desvio de verbas da Educa\u00e7\u00e3o s\u00e3o denunciadas ao Minist\u00e9rio P\u00fablico Federal por Rafael Pe\u00e7anha"},"content":{"rendered":"<p class=\"p1\"><span class=\"s1\">L\u00edder da oposi\u00e7\u00e3o ao prefeito, Dr. Adriano (DEM), na C\u00e2mara, Rafael Pe\u00e7anha (PDT) encaminhou esta semana ao Minist\u00e9rio P\u00fablico Federal (MPF) den\u00fancias sobre supostos desvios de verbas da Educa\u00e7\u00e3o no munic\u00edpio, apontados pelo ex-secret\u00e1rio da pasta, Cl\u00e1udio Leit\u00e3o. <\/span><\/p>\n<p class=\"p1\"><span class=\"s1\">Segundo a assessoria do vereador, o encaminhamento das den\u00fancias j\u00e1 contaria com os aceites do Minist\u00e9rio P\u00fablico do Estado (MPE) e do Tribunal de Contas do Estado (TCE). \u201cA op\u00e7\u00e3o pelo MPF se deu pelo fato do caso ter o envolvimento de verbas federais\u201d, explica Pe\u00e7anha.<\/span><\/p>\n","protected":false},"excerpt":{"rendered":"<p>L\u00edder da oposi\u00e7\u00e3o ao prefeito, Dr. Adriano (DEM), na C\u00e2mara, Rafael Pe\u00e7anha (PDT) encaminhou esta semana ao Minist\u00e9rio P\u00fablico Federal (MPF) den\u00fancias sobre supostos desvios de verbas da Educa\u00e7\u00e3o no munic\u00edpio, apontados pelo ex-secret\u00e1rio da pasta, Cl\u00e1udio Leit\u00e3o. Segundo a assessoria do vereador, o encaminhamento das den\u00fancias j\u00e1 contaria com os aceites do Minist\u00e9rio P\u00fablico [&hellip;]<\/p>\n","protected":false},"author":2,"featured_media":4657,"comment_status":"open","ping_status":"open","sticky":false,"template":"","format":"standard","meta":{"footnotes":""},"categories":[60,340],"tags":[1207,411,1288,1287],"class_list":["post-4656","post","type-post","status-publish","format-standard","has-post-thumbnail","hentry","category-brasil","category-cabo-frio","tag-blog-do-daniel-galvao-politica-macae","tag-cabo-frio","tag-noticias-politicas-em-cabo-frio","tag-rafael-pecanha-denuncia-desvio-de-verbas-da-educacao-em-cabo-frio"],"_links":{"self":[{"href":"https:\/\/blogdodanielgalvao.com.br\/site\/wp-json\/wp\/v2\/posts\/4656","targetHints":{"allow":["GET"]}}],"collection":[{"href":"https:\/\/blogdodanielgalvao.com.br\/site\/wp-json\/wp\/v2\/posts"}],"about":[{"href":"https:\/\/blogdodanielgalvao.com.br\/site\/wp-json\/wp\/v2\/types\/post"}],"author":[{"embeddable":true,"href":"https:\/\/blogdodanielgalvao.com.br\/site\/wp-json\/wp\/v2\/users\/2"}],"replies":[{"embeddable":true,"href":"https:\/\/blogdodanielgalvao.com.br\/site\/wp-json\/wp\/v2\/comments?post=4656"}],"version-history":[{"count":1,"href":"https:\/\/blogdodanielgalvao.com.br\/site\/wp-json\/wp\/v2\/posts\/4656\/revisions"}],"predecessor-version":[{"id":4658,"href":"https:\/\/blogdodanielgalvao.com.br\/site\/wp-json\/wp\/v2\/posts\/4656\/revisions\/4658"}],"wp:featuredmedia":[{"embeddable":true,"href":"https:\/\/blogdodanielgalvao.com.br\/site\/wp-json\/wp\/v2\/media\/4657"}],"wp:attachment":[{"href":"https:\/\/blogdodanielgalvao.com.br\/site\/wp-json\/wp\/v2\/media?parent=4656"}],"wp:term":[{"taxonomy":"category","embeddable":true,"href":"https:\/\/blogdodanielgalvao.com.br\/site\/wp-json\/wp\/v2\/categories?post=4656"},{"taxonomy":"post_tag","embeddable":true,"href":"https:\/\/blogdodanielgalvao.com.br\/site\/wp-json\/wp\/v2\/tags?post=4656"}],"curies":[{"name":"wp","href":"https:\/\/api.w.org\/{rel}","templated":true}]}}