{"id":4636,"date":"2019-09-25T15:38:32","date_gmt":"2019-09-25T18:38:32","guid":{"rendered":"http:\/\/blogdodanielgalvao.com.br\/site\/?p=4636"},"modified":"2019-09-25T15:38:32","modified_gmt":"2019-09-25T18:38:32","slug":"macae-em-plenario-julinho-detona-leo-gomes-e-afirma-que-secretario-so-serve-para-fazer-o-mal-entenda-a-polemica","status":"publish","type":"post","link":"https:\/\/blogdodanielgalvao.com.br\/site\/macae-em-plenario-julinho-detona-leo-gomes-e-afirma-que-secretario-so-serve-para-fazer-o-mal-entenda-a-polemica\/","title":{"rendered":"Maca\u00e9: em plen\u00e1rio, Julinho detona L\u00e9o Gomes e afirma que secret\u00e1rio \u2018s\u00f3 serve para fazer o mal\u2019. Entenda a pol\u00eamica!"},"content":{"rendered":"<p class=\"p1\"><span class=\"s1\">Julinho do Aeroporto (MDB) fez um discurso duro na manh\u00e3 desta quarta-feira, 25, na C\u00e2mara, contra o secret\u00e1rio de Rela\u00e7\u00f5es Institucionais de Maca\u00e9. O parlamentar disse, entre outras coisas, que L\u00e9o Gomes \u201cs\u00f3 serve para fazer o mal\u201d.<\/span><\/p>\n<p class=\"p1\"><span class=\"s1\">Segundo o vereador, entre as supostas \u2018v\u00edtimas\u2019 de L\u00e9o Gomes est\u00e1 o ex vice-prefeito, Vandr\u00e9 Guimar\u00e3es. Julinho foi al\u00e9m e enfatizou que a motiva\u00e7\u00e3o do secret\u00e1rio \u00e9 impedir que outras pessoas se aproximem do prefeito, Dr. Alu\u00edzio (sem partido).<\/span><\/p>\n<p class=\"p1\"><span class=\"s1\">\u201cLembro quando essa Casa convocou o secret\u00e1rio. Chamavam ele de \u2018L\u00e9o Gargamel\u2019. Mas eu sempre o respeitei porque era meu amigo\u201d, frisou, sem citar o que, de fato, teria ocorrido nos bastidores para provocar o discurso \u00e1cido.<\/span><\/p>\n<p class=\"p1\"><span class=\"s1\">Ainda de acordo com Julinho, existem informa\u00e7\u00f5es que apontam que L\u00e9o teria sido o autor de den\u00fancias graves, criminais, contra duas pessoas. O vereador n\u00e3o citou nomes, mas o Blog apurou que uma das denunciadas supostamente seria a filha do presidente do Legislativo, Dr. Eduardo (Cidadania).<\/span><\/p>\n<p>&nbsp;<\/p>\n<h3>\u2018Ser\u00e1 que \u00e9 t\u00e3o limpo assim?\u2019<\/h3>\n<p class=\"p1\"><span class=\"s1\">\u201c\u00c9 esse rapaz que espalha o veneno nesta Casa. E eu posso falar porque vivi de perto. Tentei ajudar\u201d, resumiu Julinho citando tamb\u00e9m pelo menos quatro momentos de supostas confus\u00f5es em que ele interveio a favor do secret\u00e1rio. \u201cQuantos problemas ele trouxe\u201d.<\/span><\/p>\n<p class=\"p1\"><span class=\"s1\">Julinho, ap\u00f3s citar que o melhor momento do Governo foi durante um periodo de afastamento de L\u00e9o do n\u00facleo de decis\u00f5es, afirmou que o secret\u00e1rio \u2018s\u00f3 vive fazendo inferno para afastar as pessoas do Governo\u2019. E questionou. \u201cSer\u00e1 que ele \u00e9 t\u00e3o limpo assim para fazer o mal que est\u00e1 fazendo?\u201d.<\/span><\/p>\n<p class=\"p1\"><span class=\"s1\">O parlamentar, que foi l\u00edder do Executivo na C\u00e2mara e conhece bem os bastidores da Prefeitura, disse n\u00e3o ter d\u00favidas que Fl\u00e1vio Isquierdo (ex-secret\u00e1rio de Assuntos Comunit\u00e1rios) n\u00e3o faz parte hoje do Governo gra\u00e7as a L\u00e9o Gomes.<\/span><\/p>\n<p class=\"p1\"><span class=\"s1\">E at\u00e9 a suspeita sobre um processo de licita\u00e7\u00e3o na Prefeitura, levantada por Julinho, o parlamentar disse que vai apurar as informa\u00e7\u00f5es e trazer a plen\u00e1rio. A conferir!<\/span><\/p>\n","protected":false},"excerpt":{"rendered":"<p>Julinho do Aeroporto (MDB) fez um discurso duro na manh\u00e3 desta quarta-feira, 25, na C\u00e2mara, contra o secret\u00e1rio de Rela\u00e7\u00f5es Institucionais de Maca\u00e9. O parlamentar disse, entre outras coisas, que L\u00e9o Gomes \u201cs\u00f3 serve para fazer o mal\u201d. Segundo o vereador, entre as supostas \u2018v\u00edtimas\u2019 de L\u00e9o Gomes est\u00e1 o ex vice-prefeito, Vandr\u00e9 Guimar\u00e3es. Julinho [&hellip;]<\/p>\n","protected":false},"author":2,"featured_media":4637,"comment_status":"open","ping_status":"open","sticky":false,"template":"","format":"standard","meta":{"footnotes":""},"categories":[60,9,14,2],"tags":[1207,1278,1277],"class_list":["post-4636","post","type-post","status-publish","format-standard","has-post-thumbnail","hentry","category-brasil","category-estado","category-geral","category-macae","tag-blog-do-daniel-galvao-politica-macae","tag-blogo-noticias-politicas-macae","tag-julinho-ataca-leo-gomes-na-camara"],"_links":{"self":[{"href":"https:\/\/blogdodanielgalvao.com.br\/site\/wp-json\/wp\/v2\/posts\/4636","targetHints":{"allow":["GET"]}}],"collection":[{"href":"https:\/\/blogdodanielgalvao.com.br\/site\/wp-json\/wp\/v2\/posts"}],"about":[{"href":"https:\/\/blogdodanielgalvao.com.br\/site\/wp-json\/wp\/v2\/types\/post"}],"author":[{"embeddable":true,"href":"https:\/\/blogdodanielgalvao.com.br\/site\/wp-json\/wp\/v2\/users\/2"}],"replies":[{"embeddable":true,"href":"https:\/\/blogdodanielgalvao.com.br\/site\/wp-json\/wp\/v2\/comments?post=4636"}],"version-history":[{"count":1,"href":"https:\/\/blogdodanielgalvao.com.br\/site\/wp-json\/wp\/v2\/posts\/4636\/revisions"}],"predecessor-version":[{"id":4638,"href":"https:\/\/blogdodanielgalvao.com.br\/site\/wp-json\/wp\/v2\/posts\/4636\/revisions\/4638"}],"wp:featuredmedia":[{"embeddable":true,"href":"https:\/\/blogdodanielgalvao.com.br\/site\/wp-json\/wp\/v2\/media\/4637"}],"wp:attachment":[{"href":"https:\/\/blogdodanielgalvao.com.br\/site\/wp-json\/wp\/v2\/media?parent=4636"}],"wp:term":[{"taxonomy":"category","embeddable":true,"href":"https:\/\/blogdodanielgalvao.com.br\/site\/wp-json\/wp\/v2\/categories?post=4636"},{"taxonomy":"post_tag","embeddable":true,"href":"https:\/\/blogdodanielgalvao.com.br\/site\/wp-json\/wp\/v2\/tags?post=4636"}],"curies":[{"name":"wp","href":"https:\/\/api.w.org\/{rel}","templated":true}]}}