{"id":4629,"date":"2019-09-24T09:54:42","date_gmt":"2019-09-24T12:54:42","guid":{"rendered":"http:\/\/blogdodanielgalvao.com.br\/site\/?p=4629"},"modified":"2019-09-24T09:54:42","modified_gmt":"2019-09-24T12:54:42","slug":"macae-na-reta-final-do-mandato-dr-aluizio-perde-forca-na-camara-e-tres-vereadores-da-base-ameacam-romper-com-o-governo","status":"publish","type":"post","link":"https:\/\/blogdodanielgalvao.com.br\/site\/macae-na-reta-final-do-mandato-dr-aluizio-perde-forca-na-camara-e-tres-vereadores-da-base-ameacam-romper-com-o-governo\/","title":{"rendered":"Maca\u00e9: na reta final do mandato, Dr. Alu\u00edzio perde for\u00e7a na C\u00e2mara e tr\u00eas vereadores da base amea\u00e7am romper com o Governo"},"content":{"rendered":"<p class=\"p1\"><span class=\"s1\">Fontes do Blog no Pal\u00e1cio Salvador Antunes disseram ontem, 23, que a rela\u00e7\u00e3o entre o prefeito, Dr. Alu\u00edzio (sem partido), e a bancada de sustenta\u00e7\u00e3o do Governo na C\u00e2mara est\u00e1 cada vez mais enfraquecida.<\/span><\/p>\n<p class=\"p1\"><span class=\"s1\">A informa\u00e7\u00e3o \u00e9 que pelo menos tr\u00eas vereadores da base est\u00e3o com um dos p\u00e9s para fora do Governo. Um dos motivos seria a dist\u00e2ncia que o chefe do Executivo vem mantendo dos parlamentares.<\/span><\/p>\n<p class=\"p1\"><span class=\"s1\">Ali\u00e1s, nos bastidores comenta-se desde a semana passada que o Governo deve come\u00e7ar a enfrentar dias dif\u00edceis para aprovar projetos na C\u00e2mara. Ser\u00e1?! A conferir!<\/span><\/p>\n","protected":false},"excerpt":{"rendered":"<p>Fontes do Blog no Pal\u00e1cio Salvador Antunes disseram ontem, 23, que a rela\u00e7\u00e3o entre o prefeito, Dr. Alu\u00edzio (sem partido), e a bancada de sustenta\u00e7\u00e3o do Governo na C\u00e2mara est\u00e1 cada vez mais enfraquecida. A informa\u00e7\u00e3o \u00e9 que pelo menos tr\u00eas vereadores da base est\u00e3o com um dos p\u00e9s para fora do Governo. Um dos [&hellip;]<\/p>\n","protected":false},"author":2,"featured_media":4630,"comment_status":"open","ping_status":"open","sticky":false,"template":"","format":"standard","meta":{"footnotes":""},"categories":[60,9,14,2],"tags":[1207,1276,1275],"class_list":["post-4629","post","type-post","status-publish","format-standard","has-post-thumbnail","hentry","category-brasil","category-estado","category-geral","category-macae","tag-blog-do-daniel-galvao-politica-macae","tag-dr-aluizio-e-a-base","tag-vereadores-do-governo-querem-romper"],"_links":{"self":[{"href":"https:\/\/blogdodanielgalvao.com.br\/site\/wp-json\/wp\/v2\/posts\/4629","targetHints":{"allow":["GET"]}}],"collection":[{"href":"https:\/\/blogdodanielgalvao.com.br\/site\/wp-json\/wp\/v2\/posts"}],"about":[{"href":"https:\/\/blogdodanielgalvao.com.br\/site\/wp-json\/wp\/v2\/types\/post"}],"author":[{"embeddable":true,"href":"https:\/\/blogdodanielgalvao.com.br\/site\/wp-json\/wp\/v2\/users\/2"}],"replies":[{"embeddable":true,"href":"https:\/\/blogdodanielgalvao.com.br\/site\/wp-json\/wp\/v2\/comments?post=4629"}],"version-history":[{"count":1,"href":"https:\/\/blogdodanielgalvao.com.br\/site\/wp-json\/wp\/v2\/posts\/4629\/revisions"}],"predecessor-version":[{"id":4631,"href":"https:\/\/blogdodanielgalvao.com.br\/site\/wp-json\/wp\/v2\/posts\/4629\/revisions\/4631"}],"wp:featuredmedia":[{"embeddable":true,"href":"https:\/\/blogdodanielgalvao.com.br\/site\/wp-json\/wp\/v2\/media\/4630"}],"wp:attachment":[{"href":"https:\/\/blogdodanielgalvao.com.br\/site\/wp-json\/wp\/v2\/media?parent=4629"}],"wp:term":[{"taxonomy":"category","embeddable":true,"href":"https:\/\/blogdodanielgalvao.com.br\/site\/wp-json\/wp\/v2\/categories?post=4629"},{"taxonomy":"post_tag","embeddable":true,"href":"https:\/\/blogdodanielgalvao.com.br\/site\/wp-json\/wp\/v2\/tags?post=4629"}],"curies":[{"name":"wp","href":"https:\/\/api.w.org\/{rel}","templated":true}]}}