{"id":4624,"date":"2019-09-23T13:49:28","date_gmt":"2019-09-23T16:49:28","guid":{"rendered":"http:\/\/blogdodanielgalvao.com.br\/site\/?p=4624"},"modified":"2019-09-23T13:49:28","modified_gmt":"2019-09-23T16:49:28","slug":"macae-sem-agua-e-sem-dialogo-dr-aluizio-volta-a-acionar-cedae-na-justica-e-aprofunda-crise-de-abastecimento-no-municipio","status":"publish","type":"post","link":"https:\/\/blogdodanielgalvao.com.br\/site\/macae-sem-agua-e-sem-dialogo-dr-aluizio-volta-a-acionar-cedae-na-justica-e-aprofunda-crise-de-abastecimento-no-municipio\/","title":{"rendered":"Maca\u00e9: sem \u00e1gua e sem di\u00e1logo, Dr. Alu\u00edzio volta a acionar Cedae na Justi\u00e7a e aprofunda crise de abastecimento no munic\u00edpio"},"content":{"rendered":"<p class=\"p1\"><span class=\"s1\">Quem mora em Maca\u00e9 reconhece que o problema da falta d\u2019\u00e1gua n\u00e3o \u00e9 de hoje. Ali\u00e1s, atravessa governos h\u00e1 tempos sem qualquer solu\u00e7\u00e3o, de fato, para quem abre a torneira ou o chuveiro depois de um dia inteiro de trabalho. Contudo, a forte estiagem que a regi\u00e3o atravessa se tornou o novo \u2018motivo\u2019 para o desabastecimento, segundo a Cedae.<\/span><\/p>\n<p class=\"p1\"><span class=\"s1\">Mas, n\u00e3o h\u00e1 nada que n\u00e3o esteja ruim que n\u00e3o possa piorar, certo?! Mais uma vez, o prefeito, Dr. Alu\u00edzio (sem partido), voltou a acionar a empresa na Justi\u00e7a. Na pr\u00e1tica, a guerra entre Prefeitura e Governo do Estado acentua o drama de milhares de macaenses &#8211; entre eles, crian\u00e7as e idosos. <\/span><\/p>\n<p class=\"p1\"><span class=\"s1\">O assoreamento do Rio Maca\u00e9, gra\u00e7as \u00e0 falta de fiscaliza\u00e7\u00e3o eficaz da Prefeitura, somada ao descaso da Cedae por anos a fio e com a recente queda-de-bra\u00e7o judicial provocada pelo chefe do Executivo, tornam a popula\u00e7\u00e3o ref\u00e9m de uma das piores crises de abastecimento de \u00e1gua da hist\u00f3ria do munic\u00edpio.<\/span><\/p>\n<p class=\"p1\"><span class=\"s1\">Contudo, enquanto isso, os macaenses seguir\u00e3o como sempre: sem \u00e1gua em casa, mas com as contas em dia!<\/span><\/p>\n","protected":false},"excerpt":{"rendered":"<p>Quem mora em Maca\u00e9 reconhece que o problema da falta d\u2019\u00e1gua n\u00e3o \u00e9 de hoje. Ali\u00e1s, atravessa governos h\u00e1 tempos sem qualquer solu\u00e7\u00e3o, de fato, para quem abre a torneira ou o chuveiro depois de um dia inteiro de trabalho. Contudo, a forte estiagem que a regi\u00e3o atravessa se tornou o novo \u2018motivo\u2019 para o [&hellip;]<\/p>\n","protected":false},"author":2,"featured_media":4625,"comment_status":"open","ping_status":"open","sticky":false,"template":"","format":"standard","meta":{"footnotes":""},"categories":[60,9,14,2],"tags":[1207,1274,1272,1273],"class_list":["post-4624","post","type-post","status-publish","format-standard","has-post-thumbnail","hentry","category-brasil","category-estado","category-geral","category-macae","tag-blog-do-daniel-galvao-politica-macae","tag-cedae-e-dr-aluizio","tag-falta-dagua-em-macae","tag-macae-sem-agua"],"_links":{"self":[{"href":"https:\/\/blogdodanielgalvao.com.br\/site\/wp-json\/wp\/v2\/posts\/4624","targetHints":{"allow":["GET"]}}],"collection":[{"href":"https:\/\/blogdodanielgalvao.com.br\/site\/wp-json\/wp\/v2\/posts"}],"about":[{"href":"https:\/\/blogdodanielgalvao.com.br\/site\/wp-json\/wp\/v2\/types\/post"}],"author":[{"embeddable":true,"href":"https:\/\/blogdodanielgalvao.com.br\/site\/wp-json\/wp\/v2\/users\/2"}],"replies":[{"embeddable":true,"href":"https:\/\/blogdodanielgalvao.com.br\/site\/wp-json\/wp\/v2\/comments?post=4624"}],"version-history":[{"count":1,"href":"https:\/\/blogdodanielgalvao.com.br\/site\/wp-json\/wp\/v2\/posts\/4624\/revisions"}],"predecessor-version":[{"id":4626,"href":"https:\/\/blogdodanielgalvao.com.br\/site\/wp-json\/wp\/v2\/posts\/4624\/revisions\/4626"}],"wp:featuredmedia":[{"embeddable":true,"href":"https:\/\/blogdodanielgalvao.com.br\/site\/wp-json\/wp\/v2\/media\/4625"}],"wp:attachment":[{"href":"https:\/\/blogdodanielgalvao.com.br\/site\/wp-json\/wp\/v2\/media?parent=4624"}],"wp:term":[{"taxonomy":"category","embeddable":true,"href":"https:\/\/blogdodanielgalvao.com.br\/site\/wp-json\/wp\/v2\/categories?post=4624"},{"taxonomy":"post_tag","embeddable":true,"href":"https:\/\/blogdodanielgalvao.com.br\/site\/wp-json\/wp\/v2\/tags?post=4624"}],"curies":[{"name":"wp","href":"https:\/\/api.w.org\/{rel}","templated":true}]}}