{"id":4619,"date":"2019-09-23T09:10:05","date_gmt":"2019-09-23T12:10:05","guid":{"rendered":"http:\/\/blogdodanielgalvao.com.br\/site\/?p=4619"},"modified":"2019-09-23T09:11:04","modified_gmt":"2019-09-23T12:11:04","slug":"macae-em-audio-que-viralizou-nas-redes-sociais-vereador-se-desespera-e-ordena-votacao-em-massa-em-enquete-na-internet","status":"publish","type":"post","link":"https:\/\/blogdodanielgalvao.com.br\/site\/macae-em-audio-que-viralizou-nas-redes-sociais-vereador-se-desespera-e-ordena-votacao-em-massa-em-enquete-na-internet\/","title":{"rendered":"Maca\u00e9: em \u00e1udio que viralizou nas redes sociais, vereador se desespera e ordena vota\u00e7\u00e3o em massa em enquete na Internet"},"content":{"rendered":"<p class=\"p1\"><span class=\"s1\">O fim de semana pol\u00edtico em Maca\u00e9 foi marcado por um \u00e1udio atribu\u00eddo a Alan Mansur (PRB) onde o parlamentar ordena a um prov\u00e1vel assessor que mande a \u2018galera\u2019 votar em seu nome numa enquete para vereador que circulou na Internet.<\/span><\/p>\n<p class=\"p1\"><span class=\"s1\">A mensagem (ou\u00e7a abaixo) virou meme por conta do tom desesperado e por se tratar apenas de uma enquete cujo resultado n\u00e3o influenciar\u00e1 em nada as elei\u00e7\u00f5es do ano que vem.<\/span><\/p>\n<p>O Blog tentou contato com Alan, mas n\u00e3o obteve resposta.<\/p>\n<div style=\"width: 640px;\" class=\"wp-video\"><video class=\"wp-video-shortcode\" id=\"video-4619-1\" width=\"640\" height=\"360\" preload=\"metadata\" controls=\"controls\"><source type=\"video\/mp4\" src=\"https:\/\/blogdodanielgalvao.com.br\/site\/wp-content\/uploads\/2019\/09\/3F151A15-69F6-404E-888C-7C13B84CEFBF.mp4?_=1\" \/><a href=\"https:\/\/blogdodanielgalvao.com.br\/site\/wp-content\/uploads\/2019\/09\/3F151A15-69F6-404E-888C-7C13B84CEFBF.mp4\">https:\/\/blogdodanielgalvao.com.br\/site\/wp-content\/uploads\/2019\/09\/3F151A15-69F6-404E-888C-7C13B84CEFBF.mp4<\/a><\/video><\/div>\n","protected":false},"excerpt":{"rendered":"<p>O fim de semana pol\u00edtico em Maca\u00e9 foi marcado por um \u00e1udio atribu\u00eddo a Alan Mansur (PRB) onde o parlamentar ordena a um prov\u00e1vel assessor que mande a \u2018galera\u2019 votar em seu nome numa enquete para vereador que circulou na Internet. A mensagem (ou\u00e7a abaixo) virou meme por conta do tom desesperado e por se [&hellip;]<\/p>\n","protected":false},"author":2,"featured_media":4621,"comment_status":"open","ping_status":"open","sticky":false,"template":"","format":"standard","meta":{"footnotes":""},"categories":[60,9,14,2],"tags":[459,1271,1207],"class_list":["post-4619","post","type-post","status-publish","format-standard","has-post-thumbnail","hentry","category-brasil","category-estado","category-geral","category-macae","tag-alan-mansur","tag-audio-de-vereador-enquete","tag-blog-do-daniel-galvao-politica-macae"],"_links":{"self":[{"href":"https:\/\/blogdodanielgalvao.com.br\/site\/wp-json\/wp\/v2\/posts\/4619","targetHints":{"allow":["GET"]}}],"collection":[{"href":"https:\/\/blogdodanielgalvao.com.br\/site\/wp-json\/wp\/v2\/posts"}],"about":[{"href":"https:\/\/blogdodanielgalvao.com.br\/site\/wp-json\/wp\/v2\/types\/post"}],"author":[{"embeddable":true,"href":"https:\/\/blogdodanielgalvao.com.br\/site\/wp-json\/wp\/v2\/users\/2"}],"replies":[{"embeddable":true,"href":"https:\/\/blogdodanielgalvao.com.br\/site\/wp-json\/wp\/v2\/comments?post=4619"}],"version-history":[{"count":2,"href":"https:\/\/blogdodanielgalvao.com.br\/site\/wp-json\/wp\/v2\/posts\/4619\/revisions"}],"predecessor-version":[{"id":4623,"href":"https:\/\/blogdodanielgalvao.com.br\/site\/wp-json\/wp\/v2\/posts\/4619\/revisions\/4623"}],"wp:featuredmedia":[{"embeddable":true,"href":"https:\/\/blogdodanielgalvao.com.br\/site\/wp-json\/wp\/v2\/media\/4621"}],"wp:attachment":[{"href":"https:\/\/blogdodanielgalvao.com.br\/site\/wp-json\/wp\/v2\/media?parent=4619"}],"wp:term":[{"taxonomy":"category","embeddable":true,"href":"https:\/\/blogdodanielgalvao.com.br\/site\/wp-json\/wp\/v2\/categories?post=4619"},{"taxonomy":"post_tag","embeddable":true,"href":"https:\/\/blogdodanielgalvao.com.br\/site\/wp-json\/wp\/v2\/tags?post=4619"}],"curies":[{"name":"wp","href":"https:\/\/api.w.org\/{rel}","templated":true}]}}