{"id":4560,"date":"2019-09-02T14:28:49","date_gmt":"2019-09-02T17:28:49","guid":{"rendered":"http:\/\/blogdodanielgalvao.com.br\/site\/?p=4560"},"modified":"2019-09-02T14:28:49","modified_gmt":"2019-09-02T17:28:49","slug":"alerj-subtenente-bernardo-recebe-mocao-de-aplausos-de-robson-oliveira-por-luta-contra-mafia-dos-reboques","status":"publish","type":"post","link":"https:\/\/blogdodanielgalvao.com.br\/site\/alerj-subtenente-bernardo-recebe-mocao-de-aplausos-de-robson-oliveira-por-luta-contra-mafia-dos-reboques\/","title":{"rendered":"Alerj: Subtenente Bernardo recebe Mo\u00e7\u00e3o de Aplausos de Robson Oliveira por luta contra \u2018M\u00e1fia dos Reboques\u2019"},"content":{"rendered":"<p class=\"p1\"><span class=\"s1\">Depois de ter a indica\u00e7\u00e3o aprovada em plen\u00e1rio na C\u00e2mara de Maca\u00e9, na semana passada, Robson Oliveira (PSDB) entregou ao deputado estadual, Subtenente Bernardo (PROS), uma Mo\u00e7\u00e3o de Aplausos pela atua\u00e7\u00e3o do parlamentar na luta contra a chamada \u2018M\u00e1fia dos Reboques e Dep\u00f3sitos Particulares\u2019.<\/span><\/p>\n<p class=\"p1\"><span class=\"s1\">Em suma, ap\u00f3s meses de investiga\u00e7\u00e3o para identificar o &#8220;modus operandi&#8221; do esquema &#8211; formado por empresas especializadas em servi\u00e7os de reboque e armazenamento de ve\u00edculos, maus policiais, despachantes e agentes pol\u00edticos &#8211; o deputado cabofriense levou o caso para a Alerj. Ele conta que, a partir desse levantamento, foram feitos requerimentos solicitando aos \u00f3rg\u00e3os competentes a abertura de inqu\u00e9ritos para investigar o esquema criminoso que opera em todo o Estado. <\/span><\/p>\n<p class=\"p1\"><span class=\"s1\">\u201cAinda no campo parlamentar, apresentamos duas proposi\u00e7\u00f5es importantes que levamos ao governador Wilson Witzel (PSC): a primeira foi uma indica\u00e7\u00e3o para retirar a PM das atribui\u00e7\u00f5es de tr\u00e2nsito, pois sempre defendi ao longo dos meus 35 anos como policial militar que a fun\u00e7\u00e3o da pol\u00edcia \u00e9 combater criminosos e garantir a ordem p\u00fablica\u201d, lembra.<\/span><\/p>\n<p class=\"p1\"><span class=\"s1\"><a href=\"https:\/\/blogdodanielgalvao.com.br\/site\/wp-content\/uploads\/2019\/09\/3BEBD11D-EF93-4EA1-A06E-F7D7AEB6F01D.jpeg\"><img loading=\"lazy\" decoding=\"async\" class=\"alignright size-thumbnail wp-image-4561\" src=\"https:\/\/blogdodanielgalvao.com.br\/site\/wp-content\/uploads\/2019\/09\/3BEBD11D-EF93-4EA1-A06E-F7D7AEB6F01D-150x150.jpeg\" alt=\"\" width=\"150\" height=\"150\" srcset=\"https:\/\/blogdodanielgalvao.com.br\/site\/wp-content\/uploads\/2019\/09\/3BEBD11D-EF93-4EA1-A06E-F7D7AEB6F01D-150x150.jpeg 150w, https:\/\/blogdodanielgalvao.com.br\/site\/wp-content\/uploads\/2019\/09\/3BEBD11D-EF93-4EA1-A06E-F7D7AEB6F01D-50x50.jpeg 50w\" sizes=\"auto, (max-width: 150px) 100vw, 150px\" \/><\/a>Ainda segundo o deputado, a outra proposi\u00e7\u00e3o era no sentido de permitir que, ao ser parado em uma blitz, o condutor do ve\u00edculo tivesse um prazo para regularizar o ve\u00edculo e, assim, n\u00e3o te-lo rebocado de imediato.<\/span><\/p>\n<p class=\"p1\"><span class=\"s1\">\u201cAs duas medidas foram acolhidas de pronto pelo governador, que a partir do dia 08 de abril determinou que as blitzes sejam realizadas pelo Detran e que a fiscaliza\u00e7\u00e3o tenha um car\u00e1ter educativo, possibilitando, desta maneira, que os ve\u00edculos n\u00e3o sejam rebocados de imediato\u201d, comemora.<\/span><\/p>\n<p class=\"p1\"><span class=\"s1\">Em fevereiro deste ano, o Subtenente Bernardo surpreendeu ao conseguir 38 assinaturas para instalar uma Comiss\u00e3o Especial de Investiga\u00e7\u00e3o na Alerj para dar sequ\u00eancia ao trabalho de desmantelamento do esquema. <\/span><\/p>\n","protected":false},"excerpt":{"rendered":"<p>Depois de ter a indica\u00e7\u00e3o aprovada em plen\u00e1rio na C\u00e2mara de Maca\u00e9, na semana passada, Robson Oliveira (PSDB) entregou ao deputado estadual, Subtenente Bernardo (PROS), uma Mo\u00e7\u00e3o de Aplausos pela atua\u00e7\u00e3o do parlamentar na luta contra a chamada \u2018M\u00e1fia dos Reboques e Dep\u00f3sitos Particulares\u2019. Em suma, ap\u00f3s meses de investiga\u00e7\u00e3o para identificar o &#8220;modus operandi&#8221; [&hellip;]<\/p>\n","protected":false},"author":2,"featured_media":4562,"comment_status":"open","ping_status":"open","sticky":false,"template":"","format":"standard","meta":{"footnotes":""},"categories":[60,340,9,14,2],"tags":[1259,1258,46,1257],"class_list":["post-4560","post","type-post","status-publish","format-standard","has-post-thumbnail","hentry","category-brasil","category-cabo-frio","category-estado","category-geral","category-macae","tag-mafia-dos-reboques","tag-mocao-de-aplausos","tag-robson-oliveira","tag-subtenente-bernardo"],"_links":{"self":[{"href":"https:\/\/blogdodanielgalvao.com.br\/site\/wp-json\/wp\/v2\/posts\/4560","targetHints":{"allow":["GET"]}}],"collection":[{"href":"https:\/\/blogdodanielgalvao.com.br\/site\/wp-json\/wp\/v2\/posts"}],"about":[{"href":"https:\/\/blogdodanielgalvao.com.br\/site\/wp-json\/wp\/v2\/types\/post"}],"author":[{"embeddable":true,"href":"https:\/\/blogdodanielgalvao.com.br\/site\/wp-json\/wp\/v2\/users\/2"}],"replies":[{"embeddable":true,"href":"https:\/\/blogdodanielgalvao.com.br\/site\/wp-json\/wp\/v2\/comments?post=4560"}],"version-history":[{"count":1,"href":"https:\/\/blogdodanielgalvao.com.br\/site\/wp-json\/wp\/v2\/posts\/4560\/revisions"}],"predecessor-version":[{"id":4563,"href":"https:\/\/blogdodanielgalvao.com.br\/site\/wp-json\/wp\/v2\/posts\/4560\/revisions\/4563"}],"wp:featuredmedia":[{"embeddable":true,"href":"https:\/\/blogdodanielgalvao.com.br\/site\/wp-json\/wp\/v2\/media\/4562"}],"wp:attachment":[{"href":"https:\/\/blogdodanielgalvao.com.br\/site\/wp-json\/wp\/v2\/media?parent=4560"}],"wp:term":[{"taxonomy":"category","embeddable":true,"href":"https:\/\/blogdodanielgalvao.com.br\/site\/wp-json\/wp\/v2\/categories?post=4560"},{"taxonomy":"post_tag","embeddable":true,"href":"https:\/\/blogdodanielgalvao.com.br\/site\/wp-json\/wp\/v2\/tags?post=4560"}],"curies":[{"name":"wp","href":"https:\/\/api.w.org\/{rel}","templated":true}]}}