{"id":4512,"date":"2019-08-13T21:34:04","date_gmt":"2019-08-14T00:34:04","guid":{"rendered":"http:\/\/blogdodanielgalvao.com.br\/site\/?p=4512"},"modified":"2019-08-13T21:34:04","modified_gmt":"2019-08-14T00:34:04","slug":"cabo-frio-e-quissama-dr-adriano-e-fatima-pacheco-embarcam-no-dem-de-rodrigo-maia-de-olho-em-2020","status":"publish","type":"post","link":"https:\/\/blogdodanielgalvao.com.br\/site\/cabo-frio-e-quissama-dr-adriano-e-fatima-pacheco-embarcam-no-dem-de-rodrigo-maia-de-olho-em-2020\/","title":{"rendered":"Cabo Frio e Quissam\u00e3: Dr. Adriano e F\u00e1tima Pacheco embarcam no DEM de Rodrigo Maia de olho em 2020"},"content":{"rendered":"<p class=\"p1\"><span class=\"s1\">O Democratas promoveu reuni\u00e3o com prefeitos, vereadores e deputados, alguns pr\u00e9-candidatos para 2020, no Rio na \u00faltima sexta-feira, 9. O presidente da C\u00e2mara Federal, Rodrigo Maia, conduziu o encontro &#8211; que teve por objetivo receber novos filiados e fortalecer o partido para a disputa nos munic\u00edpios ano que vem.<\/span><\/p>\n<p class=\"p1\"><span class=\"s1\">Na Regi\u00e3o, os prefeitos de Cabo Frio, Dr. Adriano, e de Quissam\u00e3, F\u00e1tima Pacheco, s\u00e3o os dois novos integrantes do DEM. Ambos devem disputar a reelei\u00e7\u00e3o em suas cidades. J\u00e1 em Maca\u00e9, o Pr. Nilson Mendon\u00e7a, presidente do diret\u00f3rio municipal, confirmou ao Blog tamb\u00e9m ser pr\u00e9-candidato \u00e0 sucess\u00e3o de Dr. Alu\u00edzio (sem partido). A conferir!<\/span><\/p>\n","protected":false},"excerpt":{"rendered":"<p>O Democratas promoveu reuni\u00e3o com prefeitos, vereadores e deputados, alguns pr\u00e9-candidatos para 2020, no Rio na \u00faltima sexta-feira, 9. O presidente da C\u00e2mara Federal, Rodrigo Maia, conduziu o encontro &#8211; que teve por objetivo receber novos filiados e fortalecer o partido para a disputa nos munic\u00edpios ano que vem. Na Regi\u00e3o, os prefeitos de Cabo [&hellip;]<\/p>\n","protected":false},"author":2,"featured_media":4513,"comment_status":"open","ping_status":"open","sticky":false,"template":"","format":"standard","meta":{"footnotes":""},"categories":[60,9,14,2,5],"tags":[1207,411,243,1244,757,30,535,267,578],"class_list":["post-4512","post","type-post","status-publish","format-standard","has-post-thumbnail","hentry","category-brasil","category-estado","category-geral","category-macae","category-quissama","tag-blog-do-daniel-galvao-politica-macae","tag-cabo-frio","tag-dem","tag-democratas","tag-dr-adriano","tag-fatima-pacheco","tag-pr-nilson-mendonca","tag-quissama","tag-rodrigo-maia"],"_links":{"self":[{"href":"https:\/\/blogdodanielgalvao.com.br\/site\/wp-json\/wp\/v2\/posts\/4512","targetHints":{"allow":["GET"]}}],"collection":[{"href":"https:\/\/blogdodanielgalvao.com.br\/site\/wp-json\/wp\/v2\/posts"}],"about":[{"href":"https:\/\/blogdodanielgalvao.com.br\/site\/wp-json\/wp\/v2\/types\/post"}],"author":[{"embeddable":true,"href":"https:\/\/blogdodanielgalvao.com.br\/site\/wp-json\/wp\/v2\/users\/2"}],"replies":[{"embeddable":true,"href":"https:\/\/blogdodanielgalvao.com.br\/site\/wp-json\/wp\/v2\/comments?post=4512"}],"version-history":[{"count":1,"href":"https:\/\/blogdodanielgalvao.com.br\/site\/wp-json\/wp\/v2\/posts\/4512\/revisions"}],"predecessor-version":[{"id":4514,"href":"https:\/\/blogdodanielgalvao.com.br\/site\/wp-json\/wp\/v2\/posts\/4512\/revisions\/4514"}],"wp:featuredmedia":[{"embeddable":true,"href":"https:\/\/blogdodanielgalvao.com.br\/site\/wp-json\/wp\/v2\/media\/4513"}],"wp:attachment":[{"href":"https:\/\/blogdodanielgalvao.com.br\/site\/wp-json\/wp\/v2\/media?parent=4512"}],"wp:term":[{"taxonomy":"category","embeddable":true,"href":"https:\/\/blogdodanielgalvao.com.br\/site\/wp-json\/wp\/v2\/categories?post=4512"},{"taxonomy":"post_tag","embeddable":true,"href":"https:\/\/blogdodanielgalvao.com.br\/site\/wp-json\/wp\/v2\/tags?post=4512"}],"curies":[{"name":"wp","href":"https:\/\/api.w.org\/{rel}","templated":true}]}}