{"id":3753,"date":"2019-02-27T10:13:18","date_gmt":"2019-02-27T13:13:18","guid":{"rendered":"http:\/\/blogdodanielgalvao.com.br\/site\/?p=3753"},"modified":"2019-02-27T10:13:18","modified_gmt":"2019-02-27T13:13:18","slug":"macae-em-ofensiva-contra-a-cedae-camara-aprova-convocacao-da-empresa-para-audiencia-publica","status":"publish","type":"post","link":"https:\/\/blogdodanielgalvao.com.br\/site\/macae-em-ofensiva-contra-a-cedae-camara-aprova-convocacao-da-empresa-para-audiencia-publica\/","title":{"rendered":"Maca\u00e9: em ofensiva contra a Cedae, C\u00e2mara aprova convoca\u00e7\u00e3o da empresa para audi\u00eancia p\u00fablica"},"content":{"rendered":"<p>Proposta por M\u00e1rcio Bittencourt (MDB) e aprovada pela C\u00e2mara, a realiza\u00e7\u00e3o de audi\u00eancia p\u00fablica no dia 11 de mar\u00e7o para debater a situa\u00e7\u00e3o do abastecimento de \u00e1gua na cidade, contar\u00e1 com a presen\u00e7a de representantes da Cedae em plen\u00e1rio.<\/p>\n<p>Isso porque, a C\u00e2mara tamb\u00e9m aprovou a convoca\u00e7\u00e3o da empresa para dar explica\u00e7\u00f5es sobre as incont\u00e1veis reclama\u00e7\u00f5es sobre p servi\u00e7o prestado no munic\u00edpio. \u201cA popula\u00e7\u00e3o n\u00e3o pode continuar ref\u00e9m desta situa\u00e7\u00e3o. Exigimos uma solu\u00e7\u00e3o\u201d, frisou M\u00e1rcio.<\/p>\n<p>A medida se soma ao pedido de CPI, proposto por Robson Oliveira (PSDB), para que o Legislativo investigue o contrato entre a Cedae e a Prefeitura.<\/p>\n","protected":false},"excerpt":{"rendered":"<p>Proposta por M\u00e1rcio Bittencourt (MDB) e aprovada pela C\u00e2mara, a realiza\u00e7\u00e3o de audi\u00eancia p\u00fablica no dia 11 de mar\u00e7o para debater a situa\u00e7\u00e3o do abastecimento de \u00e1gua na cidade, contar\u00e1 com a presen\u00e7a de representantes da Cedae em plen\u00e1rio. Isso porque, a C\u00e2mara tamb\u00e9m aprovou a convoca\u00e7\u00e3o da empresa para dar explica\u00e7\u00f5es sobre as incont\u00e1veis [&hellip;]<\/p>\n","protected":false},"author":2,"featured_media":3754,"comment_status":"open","ping_status":"open","sticky":false,"template":"","format":"standard","meta":{"footnotes":""},"categories":[1],"tags":[950,133,327,154],"class_list":["post-3753","post","type-post","status-publish","format-standard","has-post-thumbnail","hentry","category-sem-categoria","tag-audiencia","tag-cedae","tag-cpi","tag-marcio-bittencourt"],"_links":{"self":[{"href":"https:\/\/blogdodanielgalvao.com.br\/site\/wp-json\/wp\/v2\/posts\/3753","targetHints":{"allow":["GET"]}}],"collection":[{"href":"https:\/\/blogdodanielgalvao.com.br\/site\/wp-json\/wp\/v2\/posts"}],"about":[{"href":"https:\/\/blogdodanielgalvao.com.br\/site\/wp-json\/wp\/v2\/types\/post"}],"author":[{"embeddable":true,"href":"https:\/\/blogdodanielgalvao.com.br\/site\/wp-json\/wp\/v2\/users\/2"}],"replies":[{"embeddable":true,"href":"https:\/\/blogdodanielgalvao.com.br\/site\/wp-json\/wp\/v2\/comments?post=3753"}],"version-history":[{"count":1,"href":"https:\/\/blogdodanielgalvao.com.br\/site\/wp-json\/wp\/v2\/posts\/3753\/revisions"}],"predecessor-version":[{"id":3755,"href":"https:\/\/blogdodanielgalvao.com.br\/site\/wp-json\/wp\/v2\/posts\/3753\/revisions\/3755"}],"wp:featuredmedia":[{"embeddable":true,"href":"https:\/\/blogdodanielgalvao.com.br\/site\/wp-json\/wp\/v2\/media\/3754"}],"wp:attachment":[{"href":"https:\/\/blogdodanielgalvao.com.br\/site\/wp-json\/wp\/v2\/media?parent=3753"}],"wp:term":[{"taxonomy":"category","embeddable":true,"href":"https:\/\/blogdodanielgalvao.com.br\/site\/wp-json\/wp\/v2\/categories?post=3753"},{"taxonomy":"post_tag","embeddable":true,"href":"https:\/\/blogdodanielgalvao.com.br\/site\/wp-json\/wp\/v2\/tags?post=3753"}],"curies":[{"name":"wp","href":"https:\/\/api.w.org\/{rel}","templated":true}]}}