{"id":35752,"date":"2026-09-05T08:00:00","date_gmt":"2026-09-05T11:00:00","guid":{"rendered":"https:\/\/blogdodanielgalvao.com.br\/site\/?p=35752"},"modified":"2026-09-04T17:51:08","modified_gmt":"2026-09-04T20:51:08","slug":"eventos-esportivos-unem-aventura-preservacao-ambiental-e-turismo-no-sana","status":"publish","type":"post","link":"https:\/\/blogdodanielgalvao.com.br\/site\/eventos-esportivos-unem-aventura-preservacao-ambiental-e-turismo-no-sana\/","title":{"rendered":"Eventos esportivos unem aventura, preserva\u00e7\u00e3o ambiental e turismo no Sana"},"content":{"rendered":"\n<p class=\"wp-block-paragraph\">O distrito do Sana, na regi\u00e3o serrana de Maca\u00e9, recebe neste fim de semana grandes nomes do atletismo nacional e internacional. No s\u00e1bado (5), ocorre a 13\u00aa edi\u00e7\u00e3o do Ultra Desafio 80K Solo, seguido pela 18\u00aa Corrida Ecol\u00f3gica do Sana no domingo (6). Organizadas pela Associa\u00e7\u00e3o de Corredores de Rua de Maca\u00e9 (Ascom) e apoiadas pela Prefeitura, as provas integram o calend\u00e1rio oficial do munic\u00edpio.<\/p>\n\n\n\n<p class=\"wp-block-paragraph\">Os eventos buscam unir esporte de aventura e preserva\u00e7\u00e3o ambiental com a presen\u00e7a confirmada de atletas de diversos estados e at\u00e9 da Fran\u00e7a. A iniciativa tem recebido bastante procura nos \u00faltimos anos.<\/p>\n\n\n\n<p class=\"wp-block-paragraph\">\u201cEstamos recebendo atletas de todo o Brasil e do estado do Rio de Janeiro. Vamos receber tamb\u00e9m um atleta da Fran\u00e7a\u201d, destacou Adenilson Apr\u00edgio dos Santos, diretor da Ascom.<\/p>\n\n\n\n<p class=\"wp-block-paragraph\">Al\u00e9m de incentivar a pr\u00e1tica esportiva, a iniciativa tamb\u00e9m \u00e9 vista com bons olhos por movimentar a economia da regi\u00e3o serrana.<\/p>\n\n\n\n<p class=\"wp-block-paragraph\">\u201cTemos no Sana a corrida de 80 quil\u00f4metros, organizada pelo Apr\u00edgio e pela Vera, levando o esporte para a regi\u00e3o serrana e movimentando toda a parte econ\u00f4mica da cidade, fomentando pousadas, bares e restaurantes\u201d, afirmou o secret\u00e1rio de Esportes de Maca\u00e9, C\u00e9sar Maillet.<\/p>\n\n\n\n<p class=\"wp-block-paragraph\">C\u00e9sar destacou tamb\u00e9m o potencial tur\u00edstico da regi\u00e3o serrana. \u201c\u00c9 muito importante esses eventos e as pessoas conhecerem essa corrida que inclui um cen\u00e1rio maravilhoso. Nossa serra \u00e9 exemplar, n\u00e3o s\u00f3 a serra, como o nosso mar tamb\u00e9m\u201d, acrescenta.<\/p>\n\n\n\n<p class=\"wp-block-paragraph\">Os participantes ter\u00e3o pela frente um percurso desafiador, com subidas \u00edngremes, descidas t\u00e9cnicas, travessias de riachos, trechos de paralelep\u00edpedos e estradas de terra batida. A programa\u00e7\u00e3o conta com provas de montanha e trilha em diferentes dist\u00e2ncias: 80 km, 42 km, 15 km, 7 km, Caminhada 3K e Corrida Kids.<\/p>\n\n\n\n<p class=\"wp-block-paragraph\">S\u00e3o esperados atletas do Rio de Janeiro, S\u00e3o Paulo, Bras\u00edlia, Minas Gerais e Esp\u00edrito Santo, al\u00e9m de participantes de diversas cidades do estado do Rio, como Maca\u00e9, Rio das Ostras, Casimiro de Abreu, Campos dos Goytacazes, Saquarema, Cabo Frio, B\u00fazios, Quissam\u00e3, Valen\u00e7a, Iguaba Grande e Rio Bonito.<\/p>\n\n\n\n<p class=\"wp-block-paragraph\">As atividades come\u00e7am no s\u00e1bado (5), com o Ultra Desafio 80K Solo e a prova de 42 km. A largada est\u00e1 prevista para \u00e0s 4h. Tamb\u00e9m haver\u00e1 disputa de cintur\u00e3o para o atleta que quebrar o recorde da prova. No domingo(6), ser\u00e1 a vez das provas de 15 km, 7 km, Caminhada 3K e Corrida Kids, com largada prevista para as 7h.<\/p>\n\n\n\n<p class=\"wp-block-paragraph\">Os cinco primeiros colocados na classifica\u00e7\u00e3o geral receber\u00e3o trof\u00e9us. Haver\u00e1 ainda trof\u00e9u para todos os concluintes dos 42 km, medalh\u00e3o por categoria nas provas de 7 km e 15 km e medalha Finisher para todos os participantes. A largada e a concentra\u00e7\u00e3o das provas ser\u00e3o no Campo de Futebol do Sana Camping, no distrito do Sana, na regi\u00e3o serrana de Maca\u00e9.<\/p>\n","protected":false},"excerpt":{"rendered":"<p>O distrito do Sana, na regi\u00e3o serrana de Maca\u00e9, recebe neste fim de semana grandes nomes do atletismo nacional e internacional. No s\u00e1bado (5), ocorre a 13\u00aa edi\u00e7\u00e3o do Ultra Desafio 80K Solo, seguido pela 18\u00aa Corrida Ecol\u00f3gica do Sana no domingo (6). Organizadas pela Associa\u00e7\u00e3o de Corredores de Rua de Maca\u00e9 (Ascom) e apoiadas [&hellip;]<\/p>\n","protected":false},"author":2,"featured_media":35753,"comment_status":"open","ping_status":"open","sticky":false,"template":"","format":"standard","meta":{"footnotes":""},"categories":[2978,1897],"tags":[5124,5125,5126,125,5123],"class_list":["post-35752","post","type-post","status-publish","format-standard","has-post-thumbnail","hentry","category-destaques-topo","category-esportes","tag-corrida-ecologica","tag-distrito-do-sana","tag-macae-4","tag-regiao-serrana","tag-ultra-desafio-80k"],"_links":{"self":[{"href":"https:\/\/blogdodanielgalvao.com.br\/site\/wp-json\/wp\/v2\/posts\/35752","targetHints":{"allow":["GET"]}}],"collection":[{"href":"https:\/\/blogdodanielgalvao.com.br\/site\/wp-json\/wp\/v2\/posts"}],"about":[{"href":"https:\/\/blogdodanielgalvao.com.br\/site\/wp-json\/wp\/v2\/types\/post"}],"author":[{"embeddable":true,"href":"https:\/\/blogdodanielgalvao.com.br\/site\/wp-json\/wp\/v2\/users\/2"}],"replies":[{"embeddable":true,"href":"https:\/\/blogdodanielgalvao.com.br\/site\/wp-json\/wp\/v2\/comments?post=35752"}],"version-history":[{"count":1,"href":"https:\/\/blogdodanielgalvao.com.br\/site\/wp-json\/wp\/v2\/posts\/35752\/revisions"}],"predecessor-version":[{"id":35754,"href":"https:\/\/blogdodanielgalvao.com.br\/site\/wp-json\/wp\/v2\/posts\/35752\/revisions\/35754"}],"wp:featuredmedia":[{"embeddable":true,"href":"https:\/\/blogdodanielgalvao.com.br\/site\/wp-json\/wp\/v2\/media\/35753"}],"wp:attachment":[{"href":"https:\/\/blogdodanielgalvao.com.br\/site\/wp-json\/wp\/v2\/media?parent=35752"}],"wp:term":[{"taxonomy":"category","embeddable":true,"href":"https:\/\/blogdodanielgalvao.com.br\/site\/wp-json\/wp\/v2\/categories?post=35752"},{"taxonomy":"post_tag","embeddable":true,"href":"https:\/\/blogdodanielgalvao.com.br\/site\/wp-json\/wp\/v2\/tags?post=35752"}],"curies":[{"name":"wp","href":"https:\/\/api.w.org\/{rel}","templated":true}]}}