{"id":35749,"date":"2026-09-05T08:34:00","date_gmt":"2026-09-05T11:34:00","guid":{"rendered":"https:\/\/blogdodanielgalvao.com.br\/site\/?p=35749"},"modified":"2026-09-04T16:44:12","modified_gmt":"2026-09-04T19:44:12","slug":"cabo-frio-reforca-seguranca-para-o-feriadao","status":"publish","type":"post","link":"https:\/\/blogdodanielgalvao.com.br\/site\/cabo-frio-reforca-seguranca-para-o-feriadao\/","title":{"rendered":"Cabo Frio refor\u00e7a seguran\u00e7a para o feriad\u00e3o"},"content":{"rendered":"\n<p class=\"wp-block-paragraph\">Cabo Frio contar\u00e1 com uma opera\u00e7\u00e3o especial de seguran\u00e7a e ordenamento durante o feriado prolongado da Independ\u00eancia do Brasil. Com a previs\u00e3o de aumento no n\u00famero de moradores e turistas circulando pela cidade, equipes municipais estar\u00e3o mobilizadas em praias, espa\u00e7os p\u00fablicos e regi\u00f5es que receber\u00e3o eventos como o Festival da Sardinha, o Festival Internacional de Dan\u00e7a e a 21\u00aa Parada do Orgulho LGBTI+.<\/p>\n\n\n\n<p class=\"wp-block-paragraph\">O trabalho ter\u00e1 refor\u00e7o da Guarda Civil Municipal, da Fiscaliza\u00e7\u00e3o de Posturas e da Defesa Civil. Al\u00e9m das equipes nas ruas, o munic\u00edpio utilizar\u00e1 c\u00e2meras instaladas em pontos estrat\u00e9gicos, drones e uma Central de Monitoramento M\u00f3vel para acompanhar a movimenta\u00e7\u00e3o e auxiliar nas ocorr\u00eancias. As a\u00e7\u00f5es tamb\u00e9m incluem ordenamento do tr\u00e2nsito, preven\u00e7\u00e3o de pequenos delitos, combate \u00e0 flanelagem, fiscaliza\u00e7\u00e3o do com\u00e9rcio ambulante e acompanhamento das embarca\u00e7\u00f5es e \u00e1reas ambientais.<\/p>\n\n\n\n<p class=\"wp-block-paragraph\">Durante o per\u00edodo, ser\u00e1 refor\u00e7ada a proibi\u00e7\u00e3o de recipientes de vidro em praias e eventos, assim como o uso irregular de caixas de som. Esportes com bola n\u00e3o s\u00e3o permitidos nas praias entre 8h e 17h, exceto nos espa\u00e7os reservados, e animais n\u00e3o podem permanecer nas \u00e1reas reconhecidas com a Bandeira Azul. A orienta\u00e7\u00e3o \u00e9 que o p\u00fablico respeite as regras e as determina\u00e7\u00f5es dos agentes. Em situa\u00e7\u00f5es de emerg\u00eancia, a Guarda Civil Municipal pode ser acionada pelo telefone 153, e a Defesa Civil, pelo n\u00famero 199.&nbsp;&nbsp;&nbsp;&nbsp;<\/p>\n\n\n\n<p class=\"wp-block-paragraph\">    <\/p>\n\n\n\n<p class=\"wp-block-paragraph\">Foto: Cogecom<\/p>\n","protected":false},"excerpt":{"rendered":"<p>Cabo Frio contar\u00e1 com uma opera\u00e7\u00e3o especial de seguran\u00e7a e ordenamento durante o feriado prolongado da Independ\u00eancia do Brasil. Com a previs\u00e3o de aumento no n\u00famero de moradores e turistas circulando pela cidade, equipes municipais estar\u00e3o mobilizadas em praias, espa\u00e7os p\u00fablicos e regi\u00f5es que receber\u00e3o eventos como o Festival da Sardinha, o Festival Internacional de [&hellip;]<\/p>\n","protected":false},"author":2,"featured_media":35750,"comment_status":"open","ping_status":"open","sticky":false,"template":"","format":"standard","meta":{"footnotes":""},"categories":[2981,14],"tags":[5121,411,189,2868,4977,5029,4094,3991,4724,5122,4082,73,478],"class_list":["post-35749","post","type-post","status-publish","format-standard","has-post-thumbnail","hentry","category-destaque-noticia-3","category-geral","tag-7-de-setembro","tag-cabo-frio","tag-defesa-civil","tag-feriado","tag-festival-da-sardinha","tag-festival-internacional-de-danca","tag-fiscalizacao","tag-guarda-civil-municipal","tag-ordenamento-urbano","tag-parada-lgbti","tag-praias","tag-seguranca","tag-turismo"],"_links":{"self":[{"href":"https:\/\/blogdodanielgalvao.com.br\/site\/wp-json\/wp\/v2\/posts\/35749","targetHints":{"allow":["GET"]}}],"collection":[{"href":"https:\/\/blogdodanielgalvao.com.br\/site\/wp-json\/wp\/v2\/posts"}],"about":[{"href":"https:\/\/blogdodanielgalvao.com.br\/site\/wp-json\/wp\/v2\/types\/post"}],"author":[{"embeddable":true,"href":"https:\/\/blogdodanielgalvao.com.br\/site\/wp-json\/wp\/v2\/users\/2"}],"replies":[{"embeddable":true,"href":"https:\/\/blogdodanielgalvao.com.br\/site\/wp-json\/wp\/v2\/comments?post=35749"}],"version-history":[{"count":1,"href":"https:\/\/blogdodanielgalvao.com.br\/site\/wp-json\/wp\/v2\/posts\/35749\/revisions"}],"predecessor-version":[{"id":35751,"href":"https:\/\/blogdodanielgalvao.com.br\/site\/wp-json\/wp\/v2\/posts\/35749\/revisions\/35751"}],"wp:featuredmedia":[{"embeddable":true,"href":"https:\/\/blogdodanielgalvao.com.br\/site\/wp-json\/wp\/v2\/media\/35750"}],"wp:attachment":[{"href":"https:\/\/blogdodanielgalvao.com.br\/site\/wp-json\/wp\/v2\/media?parent=35749"}],"wp:term":[{"taxonomy":"category","embeddable":true,"href":"https:\/\/blogdodanielgalvao.com.br\/site\/wp-json\/wp\/v2\/categories?post=35749"},{"taxonomy":"post_tag","embeddable":true,"href":"https:\/\/blogdodanielgalvao.com.br\/site\/wp-json\/wp\/v2\/tags?post=35749"}],"curies":[{"name":"wp","href":"https:\/\/api.w.org\/{rel}","templated":true}]}}