{"id":35746,"date":"2026-09-04T16:30:28","date_gmt":"2026-09-04T19:30:28","guid":{"rendered":"https:\/\/blogdodanielgalvao.com.br\/site\/?p=35746"},"modified":"2026-09-04T16:30:36","modified_gmt":"2026-09-04T19:30:36","slug":"trabalhadores-conhecem-riquezas-naturais-de-arraial-do-cabo","status":"publish","type":"post","link":"https:\/\/blogdodanielgalvao.com.br\/site\/trabalhadores-conhecem-riquezas-naturais-de-arraial-do-cabo\/","title":{"rendered":"Trabalhadores conhecem riquezas naturais de Arraial do Cabo"},"content":{"rendered":"\n<p class=\"wp-block-paragraph\">Trabalhadores e prestadores de servi\u00e7o que atuam na Praia do Forno participaram, na quinta-feira (3), de uma caminhada interpretativa pelo Parque Natural Municipal de Arraial do Cabo. A atividade marcou a etapa pr\u00e1tica de uma capacita\u00e7\u00e3o voltada \u00e0 preserva\u00e7\u00e3o ambiental e \u00e0 valoriza\u00e7\u00e3o do patrim\u00f4nio natural e hist\u00f3rico do munic\u00edpio.<\/p>\n\n\n\n<p class=\"wp-block-paragraph\">Durante o percurso, os participantes observaram esp\u00e9cies da fauna e da flora locais e receberam orienta\u00e7\u00f5es sobre a import\u00e2ncia da conserva\u00e7\u00e3o da \u00e1rea. Entre os destaques esteve o cacto cabe\u00e7a-branca, esp\u00e9cie encontrada somente em Arraial do Cabo e que necessita de prote\u00e7\u00e3o. O grupo tamb\u00e9m conheceu os impactos provocados pela presen\u00e7a de plantas ex\u00f3ticas no ecossistema.<\/p>\n\n\n\n<p class=\"wp-block-paragraph\">A caminhada abordou ainda a trajet\u00f3ria dos pescadores artesanais e o processo de cria\u00e7\u00e3o da reserva. A iniciativa busca preparar os profissionais para auxiliar na preserva\u00e7\u00e3o do parque e compartilhar informa\u00e7\u00f5es com moradores e visitantes. A capacita\u00e7\u00e3o \u00e9 promovida pela Prefeitura de Arraial do Cabo, em parceria com o Projeto Cost\u00e3o Rochoso, executado pela Funda\u00e7\u00e3o Educacional Ci\u00eancia e Desenvolvimento e vinculado ao Programa Petrobras Socioambiental.&nbsp;&nbsp;<\/p>\n\n\n\n<p class=\"wp-block-paragraph\">    <\/p>\n\n\n\n<p class=\"wp-block-paragraph\">Foto: Prefeitura Arraial do Cabo    <\/p>\n","protected":false},"excerpt":{"rendered":"<p>Trabalhadores e prestadores de servi\u00e7o que atuam na Praia do Forno participaram, na quinta-feira (3), de uma caminhada interpretativa pelo Parque Natural Municipal de Arraial do Cabo. A atividade marcou a etapa pr\u00e1tica de uma capacita\u00e7\u00e3o voltada \u00e0 preserva\u00e7\u00e3o ambiental e \u00e0 valoriza\u00e7\u00e3o do patrim\u00f4nio natural e hist\u00f3rico do munic\u00edpio. Durante o percurso, os participantes [&hellip;]<\/p>\n","protected":false},"author":2,"featured_media":35747,"comment_status":"open","ping_status":"open","sticky":false,"template":"","format":"standard","meta":{"footnotes":""},"categories":[2983,14],"tags":[788,3668,5119,3578,4188,5117,4644,5120,5118,4069],"class_list":["post-35746","post","type-post","status-publish","format-standard","has-post-thumbnail","hentry","category-destaque-noticia-5","category-geral","tag-arraial-do-cabo","tag-biodiversidade","tag-cacto-cabeca-branca","tag-capacitacao","tag-ecoturismo","tag-parque-natural-municipal","tag-pescadores-artesanais","tag-petrobras-socioambiental","tag-praia-do-forno","tag-preservacao-ambiental"],"_links":{"self":[{"href":"https:\/\/blogdodanielgalvao.com.br\/site\/wp-json\/wp\/v2\/posts\/35746","targetHints":{"allow":["GET"]}}],"collection":[{"href":"https:\/\/blogdodanielgalvao.com.br\/site\/wp-json\/wp\/v2\/posts"}],"about":[{"href":"https:\/\/blogdodanielgalvao.com.br\/site\/wp-json\/wp\/v2\/types\/post"}],"author":[{"embeddable":true,"href":"https:\/\/blogdodanielgalvao.com.br\/site\/wp-json\/wp\/v2\/users\/2"}],"replies":[{"embeddable":true,"href":"https:\/\/blogdodanielgalvao.com.br\/site\/wp-json\/wp\/v2\/comments?post=35746"}],"version-history":[{"count":1,"href":"https:\/\/blogdodanielgalvao.com.br\/site\/wp-json\/wp\/v2\/posts\/35746\/revisions"}],"predecessor-version":[{"id":35748,"href":"https:\/\/blogdodanielgalvao.com.br\/site\/wp-json\/wp\/v2\/posts\/35746\/revisions\/35748"}],"wp:featuredmedia":[{"embeddable":true,"href":"https:\/\/blogdodanielgalvao.com.br\/site\/wp-json\/wp\/v2\/media\/35747"}],"wp:attachment":[{"href":"https:\/\/blogdodanielgalvao.com.br\/site\/wp-json\/wp\/v2\/media?parent=35746"}],"wp:term":[{"taxonomy":"category","embeddable":true,"href":"https:\/\/blogdodanielgalvao.com.br\/site\/wp-json\/wp\/v2\/categories?post=35746"},{"taxonomy":"post_tag","embeddable":true,"href":"https:\/\/blogdodanielgalvao.com.br\/site\/wp-json\/wp\/v2\/tags?post=35746"}],"curies":[{"name":"wp","href":"https:\/\/api.w.org\/{rel}","templated":true}]}}