{"id":35733,"date":"2026-09-03T17:52:32","date_gmt":"2026-09-03T20:52:32","guid":{"rendered":"https:\/\/blogdodanielgalvao.com.br\/site\/?p=35733"},"modified":"2026-09-03T17:52:40","modified_gmt":"2026-09-03T20:52:40","slug":"agentes-de-rio-das-ostras-participam-de-capacitacao-nacional-sobre-violencia-contra-a-mulher","status":"publish","type":"post","link":"https:\/\/blogdodanielgalvao.com.br\/site\/agentes-de-rio-das-ostras-participam-de-capacitacao-nacional-sobre-violencia-contra-a-mulher\/","title":{"rendered":"Agentes de Rio das Ostras participam de capacita\u00e7\u00e3o nacional sobre viol\u00eancia contra a mulher"},"content":{"rendered":"\n<p class=\"wp-block-paragraph\">A seguran\u00e7a da mulher foi discutida na sede do Minist\u00e9rio P\u00fablico em Maca\u00e9 na \u00faltima quarta-feira (2). Na ocasi\u00e3o, a Patrulha Maria da Penha de Rio das Ostras participou de uma capacita\u00e7\u00e3o nacional, com o objetivo de aperfei\u00e7oar o atendimento, prote\u00e7\u00e3o e perspectiva de g\u00eanero na Seguran\u00e7a P\u00fablica. Tamb\u00e9m participaram do encontro integrantes das Patrulhas Maria da Penha de outras cidades.<\/p>\n\n\n\n<p class=\"wp-block-paragraph\">A programa\u00e7\u00e3o tinha como um dos objetivos fortalecer uma atua\u00e7\u00e3o qualificada, humanizada e orientada na preven\u00e7\u00e3o e no enfrentamento da viol\u00eancia contra mulheres. O treinamento foi voltado para profissionais das Pol\u00edcias Civil, Militar e Penal, Brigada Militar, Corpo de Bombeiros, Guardas Municipais e Per\u00edcias Oficiais.<\/p>\n\n\n\n<p class=\"wp-block-paragraph\">Rio das Ostras foi representada no encontro pela coordenadora da Patrulha Maria da Penha do munic\u00edpio, Tamiris Miranda, e a inspetora de Segmento Auristela Ara\u00fajo. Juntas, elas participaram das atividades, que fortaleceram estrat\u00e9gias de atendimento \u00e0s mulheres em situa\u00e7\u00e3o de viol\u00eancia. Os participantes foram orientados sobre diversos temas, entre eles as vulnerabilidades enfrentadas pelas mulheres em situa\u00e7\u00f5es de viol\u00eancia.<\/p>\n\n\n\n<p class=\"wp-block-paragraph\">Outro ponto interessante foi a troca de experi\u00eancias entre os participantes, fortalecendo tamb\u00e9m uma atua\u00e7\u00e3o integrada entre os profissionais da regi\u00e3o que atuam diretamente na prote\u00e7\u00e3o das mulheres.<\/p>\n\n\n\n<p class=\"wp-block-paragraph\">\u201cA forma\u00e7\u00e3o continuada \u00e9 fundamental para garantir um atendimento cada vez mais qualificado e acolhedor \u00e0s mulheres, al\u00e9m de fortalecer as a\u00e7\u00f5es de preven\u00e7\u00e3o e prote\u00e7\u00e3o desenvolvidas no munic\u00edpio\u201d, destacou Tamiris.<\/p>\n\n\n\n<p class=\"wp-block-paragraph\">A iniciativa foi realizada pela Secretaria Nacional de Seguran\u00e7a P\u00fablica (Senasp\/MJSP), por meio do Comit\u00ea de Governan\u00e7a das Pol\u00edticas de Seguran\u00e7a P\u00fablica voltadas \u00e0 Preven\u00e7\u00e3o e ao Enfrentamento da Viol\u00eancia contra Mulheres e Meninas (CGV-Mulheres).<\/p>\n","protected":false},"excerpt":{"rendered":"<p>A seguran\u00e7a da mulher foi discutida na sede do Minist\u00e9rio P\u00fablico em Maca\u00e9 na \u00faltima quarta-feira (2). Na ocasi\u00e3o, a Patrulha Maria da Penha de Rio das Ostras participou de uma capacita\u00e7\u00e3o nacional, com o objetivo de aperfei\u00e7oar o atendimento, prote\u00e7\u00e3o e perspectiva de g\u00eanero na Seguran\u00e7a P\u00fablica. Tamb\u00e9m participaram do encontro integrantes das Patrulhas [&hellip;]<\/p>\n","protected":false},"author":2,"featured_media":35734,"comment_status":"open","ping_status":"open","sticky":false,"template":"","format":"standard","meta":{"footnotes":""},"categories":[2979,4],"tags":[],"class_list":["post-35733","post","type-post","status-publish","format-standard","has-post-thumbnail","hentry","category-destaque-noticia-1","category-rio-das-ostras"],"_links":{"self":[{"href":"https:\/\/blogdodanielgalvao.com.br\/site\/wp-json\/wp\/v2\/posts\/35733","targetHints":{"allow":["GET"]}}],"collection":[{"href":"https:\/\/blogdodanielgalvao.com.br\/site\/wp-json\/wp\/v2\/posts"}],"about":[{"href":"https:\/\/blogdodanielgalvao.com.br\/site\/wp-json\/wp\/v2\/types\/post"}],"author":[{"embeddable":true,"href":"https:\/\/blogdodanielgalvao.com.br\/site\/wp-json\/wp\/v2\/users\/2"}],"replies":[{"embeddable":true,"href":"https:\/\/blogdodanielgalvao.com.br\/site\/wp-json\/wp\/v2\/comments?post=35733"}],"version-history":[{"count":1,"href":"https:\/\/blogdodanielgalvao.com.br\/site\/wp-json\/wp\/v2\/posts\/35733\/revisions"}],"predecessor-version":[{"id":35735,"href":"https:\/\/blogdodanielgalvao.com.br\/site\/wp-json\/wp\/v2\/posts\/35733\/revisions\/35735"}],"wp:featuredmedia":[{"embeddable":true,"href":"https:\/\/blogdodanielgalvao.com.br\/site\/wp-json\/wp\/v2\/media\/35734"}],"wp:attachment":[{"href":"https:\/\/blogdodanielgalvao.com.br\/site\/wp-json\/wp\/v2\/media?parent=35733"}],"wp:term":[{"taxonomy":"category","embeddable":true,"href":"https:\/\/blogdodanielgalvao.com.br\/site\/wp-json\/wp\/v2\/categories?post=35733"},{"taxonomy":"post_tag","embeddable":true,"href":"https:\/\/blogdodanielgalvao.com.br\/site\/wp-json\/wp\/v2\/tags?post=35733"}],"curies":[{"name":"wp","href":"https:\/\/api.w.org\/{rel}","templated":true}]}}