{"id":35729,"date":"2026-09-03T16:49:11","date_gmt":"2026-09-03T19:49:11","guid":{"rendered":"https:\/\/blogdodanielgalvao.com.br\/site\/?p=35729"},"modified":"2026-09-03T16:49:19","modified_gmt":"2026-09-03T19:49:19","slug":"arraial-do-cabo-chega-a-mil-castracoes-gratuitas-em-2026","status":"publish","type":"post","link":"https:\/\/blogdodanielgalvao.com.br\/site\/arraial-do-cabo-chega-a-mil-castracoes-gratuitas-em-2026\/","title":{"rendered":"Arraial do Cabo chega a mil castra\u00e7\u00f5es gratuitas em 2026"},"content":{"rendered":"\n<p class=\"wp-block-paragraph\">Arraial do Cabo alcan\u00e7ou a marca de mil castra\u00e7\u00f5es gratuitas de c\u00e3es e gatos entre janeiro e agosto de 2026. Somente no \u00faltimo m\u00eas, 130 procedimentos foram realizados na Cl\u00ednica Municipal de Castra\u00e7\u00e3o Animal, em Monte Alto. A iniciativa contribui para o controle populacional, a redu\u00e7\u00e3o do abandono e a preven\u00e7\u00e3o de doen\u00e7as relacionadas aos \u00f3rg\u00e3os reprodutivos.<\/p>\n\n\n\n<p class=\"wp-block-paragraph\">Para facilitar o acesso dos moradores da regi\u00e3o central, os exames pr\u00e9-operat\u00f3rios passar\u00e3o a ser realizados quinzenalmente na sede da Secretaria do Ambiente e Saneamento. O primeiro atendimento ser\u00e1 no dia 9 de setembro, das 9h \u00e0s 11h, na Rua Dallas, n\u00ba 131, esquina com a Rua Walter Teixeira, no bairro Maced\u00f4nia. Nos distritos, os exames continuar\u00e3o sendo feitos na unidade de Monte Alto, onde tamb\u00e9m ser\u00e3o mantidas as cirurgias.<\/p>\n\n\n\n<p class=\"wp-block-paragraph\">Para participar do programa, o tutor deve morar em Arraial do Cabo, fazer o agendamento antecipadamente e apresentar c\u00f3pias do RG, CPF e comprovante de resid\u00eancia atualizado em seu nome. Informa\u00e7\u00f5es e agendamentos est\u00e3o dispon\u00edveis pelo telefone (22) 99102-4049. A amplia\u00e7\u00e3o busca reduzir deslocamentos e garantir maior acesso \u00e0s pol\u00edticas municipais de sa\u00fade, prote\u00e7\u00e3o e bem-estar animal.&nbsp;&nbsp;<\/p>\n","protected":false},"excerpt":{"rendered":"<p>Arraial do Cabo alcan\u00e7ou a marca de mil castra\u00e7\u00f5es gratuitas de c\u00e3es e gatos entre janeiro e agosto de 2026. Somente no \u00faltimo m\u00eas, 130 procedimentos foram realizados na Cl\u00ednica Municipal de Castra\u00e7\u00e3o Animal, em Monte Alto. A iniciativa contribui para o controle populacional, a redu\u00e7\u00e3o do abandono e a preven\u00e7\u00e3o de doen\u00e7as relacionadas aos [&hellip;]<\/p>\n","protected":false},"author":2,"featured_media":35730,"comment_status":"open","ping_status":"open","sticky":false,"template":"","format":"standard","meta":{"footnotes":""},"categories":[14],"tags":[],"class_list":["post-35729","post","type-post","status-publish","format-standard","has-post-thumbnail","hentry","category-geral"],"_links":{"self":[{"href":"https:\/\/blogdodanielgalvao.com.br\/site\/wp-json\/wp\/v2\/posts\/35729","targetHints":{"allow":["GET"]}}],"collection":[{"href":"https:\/\/blogdodanielgalvao.com.br\/site\/wp-json\/wp\/v2\/posts"}],"about":[{"href":"https:\/\/blogdodanielgalvao.com.br\/site\/wp-json\/wp\/v2\/types\/post"}],"author":[{"embeddable":true,"href":"https:\/\/blogdodanielgalvao.com.br\/site\/wp-json\/wp\/v2\/users\/2"}],"replies":[{"embeddable":true,"href":"https:\/\/blogdodanielgalvao.com.br\/site\/wp-json\/wp\/v2\/comments?post=35729"}],"version-history":[{"count":2,"href":"https:\/\/blogdodanielgalvao.com.br\/site\/wp-json\/wp\/v2\/posts\/35729\/revisions"}],"predecessor-version":[{"id":35732,"href":"https:\/\/blogdodanielgalvao.com.br\/site\/wp-json\/wp\/v2\/posts\/35729\/revisions\/35732"}],"wp:featuredmedia":[{"embeddable":true,"href":"https:\/\/blogdodanielgalvao.com.br\/site\/wp-json\/wp\/v2\/media\/35730"}],"wp:attachment":[{"href":"https:\/\/blogdodanielgalvao.com.br\/site\/wp-json\/wp\/v2\/media?parent=35729"}],"wp:term":[{"taxonomy":"category","embeddable":true,"href":"https:\/\/blogdodanielgalvao.com.br\/site\/wp-json\/wp\/v2\/categories?post=35729"},{"taxonomy":"post_tag","embeddable":true,"href":"https:\/\/blogdodanielgalvao.com.br\/site\/wp-json\/wp\/v2\/tags?post=35729"}],"curies":[{"name":"wp","href":"https:\/\/api.w.org\/{rel}","templated":true}]}}