{"id":35725,"date":"2026-09-03T16:42:12","date_gmt":"2026-09-03T19:42:12","guid":{"rendered":"https:\/\/blogdodanielgalvao.com.br\/site\/?p=35725"},"modified":"2026-09-03T16:42:23","modified_gmt":"2026-09-03T19:42:23","slug":"estudantes-de-cabo-frio-dao-show-na-abertura-do-festival-de-danca","status":"publish","type":"post","link":"https:\/\/blogdodanielgalvao.com.br\/site\/estudantes-de-cabo-frio-dao-show-na-abertura-do-festival-de-danca\/","title":{"rendered":"Estudantes de Cabo Frio d\u00e3o show na abertura do Festival de Dan\u00e7a"},"content":{"rendered":"\n<p class=\"wp-block-paragraph\">Mais de 300 estudantes, usu\u00e1rios de projetos sociais e artistas participaram, nesta quarta-feira (2), da abertura do 20\u00ba Festival Internacional de Dan\u00e7a de Cabo Frio. Realizado no Gin\u00e1sio Poliesportivo Alfredo Barreto, o tradicional Projeto Escola reuniu alunos de 16 unidades da rede municipal, que apresentaram coreografias de diferentes estilos, al\u00e9m de integrantes dos CRAS e de outras institui\u00e7\u00f5es. A inclus\u00e3o ganhou destaque com as apresenta\u00e7\u00f5es de estudantes com s\u00edndrome de Down e autismo da Escola Municipal Professor Renato Azevedo e de alunos surdos da Escola Municipal Arlete Rosa Castanho.<\/p>\n\n\n\n<p class=\"wp-block-paragraph\">A primeira noite tamb\u00e9m foi marcada por homenagens e pela premia\u00e7\u00e3o das escolas Professora Catharina da Silveira Cordeiro, Jos\u00e9 Bonif\u00e1cio Ferreira Novellino, Professora Patr\u00edcia Azevedo de Almeida, Angelim e Palmira Bessa. Estudantes das duas \u00faltimas unidades receberam bolsas de estudo em dan\u00e7a. Entre os homenageados esteve o bailarino do Theatro Municipal do Rio de Janeiro Glayson Mendes, revelado pelo Projeto Escola em uma edi\u00e7\u00e3o anterior e que retornou ao evento como integrante da banca julgadora. Bailarinos da institui\u00e7\u00e3o carioca tamb\u00e9m apresentaram o espet\u00e1culo \u201cBodas de Aurora\u201d, trecho do cl\u00e1ssico \u201cA Bela Adormecida\u201d, de Tchaikovski.<\/p>\n\n\n\n<p class=\"wp-block-paragraph\">O Festival Internacional de Dan\u00e7a prossegue at\u00e9 segunda-feira (7), com cerca de 800 coreografias na Mostra Competitiva, al\u00e9m de masterclasses, sess\u00f5es de coaching e atividades de aperfei\u00e7oamento. A edi\u00e7\u00e3o distribuir\u00e1 R$ 20 mil em premia\u00e7\u00f5es, trof\u00e9us e medalhas. A entrada \u00e9 solid\u00e1ria, mediante a doa\u00e7\u00e3o de 1 kg de alimento n\u00e3o perec\u00edvel. O Gin\u00e1sio Alfredo Barreto fica na Avenida Henrique Terra, sem n\u00famero, no bairro Portinho.&nbsp;&nbsp;&nbsp;<\/p>\n\n\n\n<p class=\"wp-block-paragraph\">     <\/p>\n\n\n\n<p class=\"wp-block-paragraph\">Foto: Wislei Rabello     <\/p>\n","protected":false},"excerpt":{"rendered":"<p>Mais de 300 estudantes, usu\u00e1rios de projetos sociais e artistas participaram, nesta quarta-feira (2), da abertura do 20\u00ba Festival Internacional de Dan\u00e7a de Cabo Frio. Realizado no Gin\u00e1sio Poliesportivo Alfredo Barreto, o tradicional Projeto Escola reuniu alunos de 16 unidades da rede municipal, que apresentaram coreografias de diferentes estilos, al\u00e9m de integrantes dos CRAS e [&hellip;]<\/p>\n","protected":false},"author":2,"featured_media":35726,"comment_status":"open","ping_status":"open","sticky":false,"template":"","format":"standard","meta":{"footnotes":""},"categories":[2331,2978],"tags":[],"class_list":["post-35725","post","type-post","status-publish","format-standard","has-post-thumbnail","hentry","category-cultura","category-destaques-topo"],"_links":{"self":[{"href":"https:\/\/blogdodanielgalvao.com.br\/site\/wp-json\/wp\/v2\/posts\/35725","targetHints":{"allow":["GET"]}}],"collection":[{"href":"https:\/\/blogdodanielgalvao.com.br\/site\/wp-json\/wp\/v2\/posts"}],"about":[{"href":"https:\/\/blogdodanielgalvao.com.br\/site\/wp-json\/wp\/v2\/types\/post"}],"author":[{"embeddable":true,"href":"https:\/\/blogdodanielgalvao.com.br\/site\/wp-json\/wp\/v2\/users\/2"}],"replies":[{"embeddable":true,"href":"https:\/\/blogdodanielgalvao.com.br\/site\/wp-json\/wp\/v2\/comments?post=35725"}],"version-history":[{"count":2,"href":"https:\/\/blogdodanielgalvao.com.br\/site\/wp-json\/wp\/v2\/posts\/35725\/revisions"}],"predecessor-version":[{"id":35728,"href":"https:\/\/blogdodanielgalvao.com.br\/site\/wp-json\/wp\/v2\/posts\/35725\/revisions\/35728"}],"wp:featuredmedia":[{"embeddable":true,"href":"https:\/\/blogdodanielgalvao.com.br\/site\/wp-json\/wp\/v2\/media\/35726"}],"wp:attachment":[{"href":"https:\/\/blogdodanielgalvao.com.br\/site\/wp-json\/wp\/v2\/media?parent=35725"}],"wp:term":[{"taxonomy":"category","embeddable":true,"href":"https:\/\/blogdodanielgalvao.com.br\/site\/wp-json\/wp\/v2\/categories?post=35725"},{"taxonomy":"post_tag","embeddable":true,"href":"https:\/\/blogdodanielgalvao.com.br\/site\/wp-json\/wp\/v2\/tags?post=35725"}],"curies":[{"name":"wp","href":"https:\/\/api.w.org\/{rel}","templated":true}]}}