{"id":35722,"date":"2026-09-03T16:37:44","date_gmt":"2026-09-03T19:37:44","guid":{"rendered":"https:\/\/blogdodanielgalvao.com.br\/site\/?p=35722"},"modified":"2026-09-03T16:37:50","modified_gmt":"2026-09-03T19:37:50","slug":"patrulha-maria-da-penha-de-cabo-frio-participa-de-formacao-nacional","status":"publish","type":"post","link":"https:\/\/blogdodanielgalvao.com.br\/site\/patrulha-maria-da-penha-de-cabo-frio-participa-de-formacao-nacional\/","title":{"rendered":"Patrulha Maria da Penha de Cabo Frio participa de forma\u00e7\u00e3o nacional"},"content":{"rendered":"\n<p class=\"wp-block-paragraph\">A Patrulha Maria da Penha de Cabo Frio participou, nesta quarta-feira (2), do Dia C de Capacita\u00e7\u00e3o, iniciativa nacional promovida pelo Minist\u00e9rio da Justi\u00e7a e Seguran\u00e7a P\u00fablica. A mobiliza\u00e7\u00e3o reuniu profissionais de diferentes \u00e1reas para fortalecer o atendimento humanizado e ampliar a prote\u00e7\u00e3o de mulheres e meninas em situa\u00e7\u00e3o de viol\u00eancia.<\/p>\n\n\n\n<p class=\"wp-block-paragraph\">O munic\u00edpio foi representado pelo inspetor de 1\u00aa classe da Guarda Civil Municipal Denilson de Oliveira Lopes, integrante da Patrulha Maria da Penha. A programa\u00e7\u00e3o tratou de temas como perspectiva de g\u00eanero na atua\u00e7\u00e3o policial, acolhimento sem revitimiza\u00e7\u00e3o, aplica\u00e7\u00e3o de medidas protetivas e avalia\u00e7\u00e3o de risco. Segundo o agente, os conhecimentos adquiridos contribuir\u00e3o diretamente para o aperfei\u00e7oamento do trabalho realizado pela equipe em Cabo Frio.<\/p>\n\n\n\n<p class=\"wp-block-paragraph\">Desenvolvida em parceria com \u00f3rg\u00e3os nacionais ligados \u00e0 seguran\u00e7a p\u00fablica, \u00e0 defesa dos direitos das mulheres e ao Minist\u00e9rio P\u00fablico, a capacita\u00e7\u00e3o tamb\u00e9m promoveu a integra\u00e7\u00e3o entre os profissionais da rede de prote\u00e7\u00e3o. Em Cabo Frio, a Patrulha Maria da Penha acompanha mulheres com medidas protetivas e atende casos de viol\u00eancia dom\u00e9stica. Den\u00fancias ou pedidos de ajuda podem ser feitos pelo telefone 153 da Guarda Civil Municipal, dispon\u00edvel 24 horas por dia.&nbsp;&nbsp;<\/p>\n","protected":false},"excerpt":{"rendered":"<p>A Patrulha Maria da Penha de Cabo Frio participou, nesta quarta-feira (2), do Dia C de Capacita\u00e7\u00e3o, iniciativa nacional promovida pelo Minist\u00e9rio da Justi\u00e7a e Seguran\u00e7a P\u00fablica. A mobiliza\u00e7\u00e3o reuniu profissionais de diferentes \u00e1reas para fortalecer o atendimento humanizado e ampliar a prote\u00e7\u00e3o de mulheres e meninas em situa\u00e7\u00e3o de viol\u00eancia. O munic\u00edpio foi representado [&hellip;]<\/p>\n","protected":false},"author":2,"featured_media":35723,"comment_status":"open","ping_status":"open","sticky":false,"template":"","format":"standard","meta":{"footnotes":""},"categories":[2983,1899],"tags":[5096,411,3578,4958,3992,5095,2772,4170,344,3760],"class_list":["post-35722","post","type-post","status-publish","format-standard","has-post-thumbnail","hentry","category-destaque-noticia-5","category-policia","tag-acolhimento-humanizado","tag-cabo-frio","tag-capacitacao","tag-direitos-das-mulheres","tag-medidas-protetivas","tag-ministerio-da-justica","tag-patrulha-maria-da-penha","tag-protecao-as-mulheres","tag-seguranca-publica","tag-violencia-domestica"],"_links":{"self":[{"href":"https:\/\/blogdodanielgalvao.com.br\/site\/wp-json\/wp\/v2\/posts\/35722","targetHints":{"allow":["GET"]}}],"collection":[{"href":"https:\/\/blogdodanielgalvao.com.br\/site\/wp-json\/wp\/v2\/posts"}],"about":[{"href":"https:\/\/blogdodanielgalvao.com.br\/site\/wp-json\/wp\/v2\/types\/post"}],"author":[{"embeddable":true,"href":"https:\/\/blogdodanielgalvao.com.br\/site\/wp-json\/wp\/v2\/users\/2"}],"replies":[{"embeddable":true,"href":"https:\/\/blogdodanielgalvao.com.br\/site\/wp-json\/wp\/v2\/comments?post=35722"}],"version-history":[{"count":1,"href":"https:\/\/blogdodanielgalvao.com.br\/site\/wp-json\/wp\/v2\/posts\/35722\/revisions"}],"predecessor-version":[{"id":35724,"href":"https:\/\/blogdodanielgalvao.com.br\/site\/wp-json\/wp\/v2\/posts\/35722\/revisions\/35724"}],"wp:featuredmedia":[{"embeddable":true,"href":"https:\/\/blogdodanielgalvao.com.br\/site\/wp-json\/wp\/v2\/media\/35723"}],"wp:attachment":[{"href":"https:\/\/blogdodanielgalvao.com.br\/site\/wp-json\/wp\/v2\/media?parent=35722"}],"wp:term":[{"taxonomy":"category","embeddable":true,"href":"https:\/\/blogdodanielgalvao.com.br\/site\/wp-json\/wp\/v2\/categories?post=35722"},{"taxonomy":"post_tag","embeddable":true,"href":"https:\/\/blogdodanielgalvao.com.br\/site\/wp-json\/wp\/v2\/tags?post=35722"}],"curies":[{"name":"wp","href":"https:\/\/api.w.org\/{rel}","templated":true}]}}