{"id":35716,"date":"2026-09-03T13:51:07","date_gmt":"2026-09-03T16:51:07","guid":{"rendered":"https:\/\/blogdodanielgalvao.com.br\/site\/?p=35716"},"modified":"2026-09-03T13:51:28","modified_gmt":"2026-09-03T16:51:28","slug":"argentinos-dao-aula-para-a-guarda-de-cabo-frio","status":"publish","type":"post","link":"https:\/\/blogdodanielgalvao.com.br\/site\/argentinos-dao-aula-para-a-guarda-de-cabo-frio\/","title":{"rendered":"Argentinos d\u00e3o aula para a Guarda de Cabo Frio"},"content":{"rendered":"\n<p class=\"wp-block-paragraph\">Tr\u00eas agentes da Guarda Civil Municipal de Cabo Frio foram habilitados para realizar a manuten\u00e7\u00e3o de primeiro escal\u00e3o dos equipamentos de menor potencial ofensivo utilizados pela corpora\u00e7\u00e3o. A capacita\u00e7\u00e3o t\u00e9cnica aconteceu nesta ter\u00e7a-feira (1\u00ba), no audit\u00f3rio da sede da Guarda, e foi ministrada por especialistas da fabricante Byrna.<\/p>\n\n\n\n<p class=\"wp-block-paragraph\">A forma\u00e7\u00e3o contou com a participa\u00e7\u00e3o do gerente da Byrna Brasil, G\u00e9rson Miranda, e dos especialistas argentinos Fernando Novillo e Diego Zacharewicz, que vieram de C\u00f3rdoba para compartilhar conhecimentos com os agentes. Durante as atividades pr\u00e1ticas, foram apresentados os procedimentos de desmontagem, limpeza e montagem dos modelos SD e Mission 4.<\/p>\n\n\n\n<p class=\"wp-block-paragraph\">Ao final do treinamento, receberam a habilita\u00e7\u00e3o o inspetor s\u00eanior Leonardo Thim\u00f3teo, o inspetor-adjunto Raphael Peixoto e o GCM de 2\u00aa classe Thiago Abreu. A qualifica\u00e7\u00e3o permitir\u00e1 que parte da manuten\u00e7\u00e3o seja realizada pela pr\u00f3pria corpora\u00e7\u00e3o em Cabo Frio, contribuindo para a conserva\u00e7\u00e3o e o funcionamento adequado dos equipamentos adquiridos recentemente. A atividade tamb\u00e9m foi acompanhada por representantes do comando da Guarda Civil Municipal e da gest\u00e3o da seguran\u00e7a p\u00fablica.&nbsp;&nbsp;<\/p>\n\n\n\n<p class=\"wp-block-paragraph\">     <\/p>\n\n\n\n<p class=\"wp-block-paragraph\">Foto: Cogecom    <\/p>\n","protected":false},"excerpt":{"rendered":"<p>Tr\u00eas agentes da Guarda Civil Municipal de Cabo Frio foram habilitados para realizar a manuten\u00e7\u00e3o de primeiro escal\u00e3o dos equipamentos de menor potencial ofensivo utilizados pela corpora\u00e7\u00e3o. A capacita\u00e7\u00e3o t\u00e9cnica aconteceu nesta ter\u00e7a-feira (1\u00ba), no audit\u00f3rio da sede da Guarda, e foi ministrada por especialistas da fabricante Byrna. A forma\u00e7\u00e3o contou com a participa\u00e7\u00e3o do [&hellip;]<\/p>\n","protected":false},"author":2,"featured_media":35717,"comment_status":"open","ping_status":"open","sticky":false,"template":"","format":"standard","meta":{"footnotes":""},"categories":[14],"tags":[5088,411,5090,5089,3991,5091,344,4394],"class_list":["post-35716","post","type-post","status-publish","format-standard","has-post-thumbnail","hentry","category-geral","tag-byrna","tag-cabo-frio","tag-capacitacao-tecnica","tag-especialistas-argentinos","tag-guarda-civil-municipal","tag-manutencao-de-equipamentos","tag-seguranca-publica","tag-treinamento"],"_links":{"self":[{"href":"https:\/\/blogdodanielgalvao.com.br\/site\/wp-json\/wp\/v2\/posts\/35716","targetHints":{"allow":["GET"]}}],"collection":[{"href":"https:\/\/blogdodanielgalvao.com.br\/site\/wp-json\/wp\/v2\/posts"}],"about":[{"href":"https:\/\/blogdodanielgalvao.com.br\/site\/wp-json\/wp\/v2\/types\/post"}],"author":[{"embeddable":true,"href":"https:\/\/blogdodanielgalvao.com.br\/site\/wp-json\/wp\/v2\/users\/2"}],"replies":[{"embeddable":true,"href":"https:\/\/blogdodanielgalvao.com.br\/site\/wp-json\/wp\/v2\/comments?post=35716"}],"version-history":[{"count":1,"href":"https:\/\/blogdodanielgalvao.com.br\/site\/wp-json\/wp\/v2\/posts\/35716\/revisions"}],"predecessor-version":[{"id":35718,"href":"https:\/\/blogdodanielgalvao.com.br\/site\/wp-json\/wp\/v2\/posts\/35716\/revisions\/35718"}],"wp:featuredmedia":[{"embeddable":true,"href":"https:\/\/blogdodanielgalvao.com.br\/site\/wp-json\/wp\/v2\/media\/35717"}],"wp:attachment":[{"href":"https:\/\/blogdodanielgalvao.com.br\/site\/wp-json\/wp\/v2\/media?parent=35716"}],"wp:term":[{"taxonomy":"category","embeddable":true,"href":"https:\/\/blogdodanielgalvao.com.br\/site\/wp-json\/wp\/v2\/categories?post=35716"},{"taxonomy":"post_tag","embeddable":true,"href":"https:\/\/blogdodanielgalvao.com.br\/site\/wp-json\/wp\/v2\/tags?post=35716"}],"curies":[{"name":"wp","href":"https:\/\/api.w.org\/{rel}","templated":true}]}}